{"id":9159,"date":"2022-05-09T13:32:00","date_gmt":"2022-05-09T12:32:00","guid":{"rendered":"https:\/\/farmermobil.com\/gestion-via-des-terminaux-mobiles\/"},"modified":"2023-02-28T08:44:54","modified_gmt":"2023-02-28T07:44:54","slug":"gestion-via-des-terminaux-mobiles","status":"publish","type":"post","link":"https:\/\/farmermobil.com\/fr\/gestion-via-des-terminaux-mobiles\/","title":{"rendered":"Gestion via des terminaux mobiles"},"content":{"rendered":"\n<div class=\"wp-block-columns is-layout-flex wp-container-core-columns-is-layout-28f84493 wp-block-columns-is-layout-flex\">\n<div class=\"wp-block-column is-layout-flow wp-block-column-is-layout-flow\">\n<h3 class=\"wp-block-heading\">Une nouvelle \u00e8re s\u2019ouvre avec le nouveau routeur compatible avec Internet et la t\u00e9l\u00e9phonie mobile de la soci\u00e9t\u00e9 Welotec GmbH \u00e0 Laer.<\/h3>\n\n\n\n<p>Le syst\u00e8me de contr\u00f4le <strong>Siemens S7<\/strong> avec \u00e9cran tactile 9 <strong>pouces<\/strong> a fait ses <strong>preuves<\/strong> dans la <strong>s\u00e9rie<\/strong> fm de <strong>farmermobil.<\/strong> L\u2019\u00e9clairage, l\u2019alimentation, les pondoirs, les trappes de sortie, la ventilation, les tapis de ramassage des fientes et de collecte des \u0153ufs sont <strong>command\u00e9s<\/strong> par un menu central <strong>orient\u00e9 graphique.<\/strong> Le syst\u00e8me de contr\u00f4le <strong>permet<\/strong> l\u2019utilisation de 32 langues.<strong> De nombreuses options suppl\u00e9mentaires peuvent \u00eatre command\u00e9es, comme des cellules de pesage pour le silo \u00e0 fourrage.<\/strong><\/p>\n\n\n\n<p>Chaque poulailler mobile de la s\u00e9rie <strong>STARTER sera<\/strong> \u00e9galement livr\u00e9 avec ce syst\u00e8me de contr\u00f4le \u00e0 compter de fin juin 2022. <strong>Celui-ci remplacera le syst\u00e8me de contr\u00f4le LOGO avec \u00e9cran texte sans fonction tactile.<\/strong>\u00a0farmermobil<sup>\u00ae<\/sup> \u00a0propose ce <strong>changement<\/strong> de syst\u00e8me sans <strong>suppl\u00e9ment<\/strong> de prix.<\/p>\n\n\n\n<p>Une nouvelle \u00e8re s\u2019ouvre avec le <strong>nouveau routeur industriel compatible avec Internet<\/strong> et la t\u00e9l\u00e9phonie mobile de la soci\u00e9t\u00e9 <a href=\"https:\/\/www.welotec.com\/\" target=\"_blank\" rel=\"noopener\">Welotec GmbH<\/a> \u00e0 Laer. Jusqu\u2019\u00e0 pr\u00e9sent, l\u2019acc\u00e8s au syst\u00e8me de <strong>contr\u00f4le<\/strong> avec des <strong>terminaux<\/strong> mobiles n\u2019\u00e9tait possible que via <strong>WLAN.<\/strong> Il n\u2019y avait pas d\u2019acc\u00e8s \u00e0 <strong>distance pour<\/strong> farmermobil. Les messages d\u2019alerte <strong>pouvaient<\/strong> \u00eatre <strong>envoy\u00e9s<\/strong> par <strong>SMS<\/strong> via le r\u00e9seau de <strong>t\u00e9l\u00e9phonie mobile.<\/strong><\/p>\n<\/div>\n\n\n\n<div class=\"wp-block-column is-layout-flow wp-block-column-is-layout-flow\">\n<figure class=\"wp-block-image size-full\"><img fetchpriority=\"high\" decoding=\"async\" width=\"532\" height=\"473\" src=\"https:\/\/farmermobil.com\/wp-content\/uploads\/2023\/01\/farmermobil-fm600-arbeitssparend.jpeg\" alt=\"\" class=\"wp-image-1617\" srcset=\"https:\/\/farmermobil.com\/wp-content\/uploads\/2023\/01\/farmermobil-fm600-arbeitssparend.jpeg 532w, https:\/\/farmermobil.com\/wp-content\/uploads\/2023\/01\/farmermobil-fm600-arbeitssparend-300x267.jpeg 300w\" sizes=\"(max-width: 532px) 100vw, 532px\" \/><\/figure>\n<\/div>\n<\/div>\n\n<div class=\"wp-block-columns is-layout-flex wp-container-core-columns-is-layout-28f84493 wp-block-columns-is-layout-flex\">\n<div class=\"wp-block-column is-layout-flow wp-block-column-is-layout-flow\">\n<figure class=\"wp-block-image size-full\"><img decoding=\"async\" width=\"1024\" height=\"593\" src=\"https:\/\/farmermobil.com\/wp-content\/uploads\/2023\/01\/Neue-steuerung-2-1024x593-1.png\" alt=\"\" class=\"wp-image-1619\" srcset=\"https:\/\/farmermobil.com\/wp-content\/uploads\/2023\/01\/Neue-steuerung-2-1024x593-1.png 1024w, https:\/\/farmermobil.com\/wp-content\/uploads\/2023\/01\/Neue-steuerung-2-1024x593-1-300x174.png 300w, https:\/\/farmermobil.com\/wp-content\/uploads\/2023\/01\/Neue-steuerung-2-1024x593-1-768x445.png 768w\" sizes=\"(max-width: 1024px) 100vw, 1024px\" \/><\/figure>\n<\/div>\n\n\n\n<div class=\"wp-block-column is-layout-flow wp-block-column-is-layout-flow\">\n<h3 class=\"wp-block-heading\">Les op\u00e9rations de maintenance et de configuration peuvent \u00eatre effectu\u00e9es par nos sp\u00e9cialistes depuis Laer chez n\u2019importe quel client.<\/h3>\n\n\n\n<p><strong>Le routeur industriel \u00e9prouv\u00e9 de <a href=\"https:\/\/www.welotec.com\/\" target=\"_blank\" rel=\"noopener\">Welotec GmbH<\/a> a \u00e9t\u00e9 adapt\u00e9 au syst\u00e8me de contr\u00f4le de farmermobil.<\/strong> Le robuste syst\u00e8me d\u2019alerte par SMS est conserv\u00e9. Parall\u00e8lement, l\u2019acc\u00e8s est possible dans le monde entier via le r\u00e9seau de t\u00e9l\u00e9phonie mobile avec n\u2019importe quel terminal mobile. L\u2019\u00e9cran est exactement le m\u00eame que celui que l\u2019on voit dans le poulailler.<strong> Le syst\u00e8me de contr\u00f4le peut \u00eatre utilis\u00e9 sur le smartphone comme dans le poulailler.<\/strong> Il est \u00e9galement possible d\u2019utiliser un ordinateur connect\u00e9 \u00e0 Internet \u00e0 la maison ou au bureau. Ce routeur permet \u00e9galement \u00e0 farmermobil d\u2019acc\u00e9der \u00e0 distance au syst\u00e8me de contr\u00f4le. Les op\u00e9rations de maintenance et de configuration peuvent \u00eatre effectu\u00e9es par nos sp\u00e9cialistes depuis Laer chez n\u2019importe quel client. Cela acc\u00e9l\u00e8re et simplifie consid\u00e9rablement la recherche d\u2019erreurs et le d\u00e9pannage.<\/p>\n<\/div>\n<\/div>\n\n<div class=\"wp-block-columns is-layout-flex wp-container-core-columns-is-layout-28f84493 wp-block-columns-is-layout-flex\">\n<div class=\"wp-block-column is-layout-flow wp-block-column-is-layout-flow\">\n<h3 class=\"wp-block-heading\">Le routeur Welotec sera livr\u00e9 sans suppl\u00e9ment de prix dans tous les poulaillers mobiles de la s\u00e9rie fm \u00e0 compter de mai 2022.<\/h3>\n\n\n\n<p>\u00c0 partir de 2023, une<strong> gestion du r\u00e9seau pour le compte<\/strong> du client sera \u00e9galement possible. Le nouveau syst\u00e8me de contr\u00f4le permet d\u2019acc\u00e9der \u00e0 <strong>distance \u00e0 nos poulaillers mobiles<\/strong> dans le monde entier. Pour ceux qui poss\u00e8dent plusieurs poulaillers farmermobil, le nouveau routeur devait jusqu\u2019\u00e0 pr\u00e9sent se <strong>connecter s\u00e9par\u00e9ment \u00e0 chaque poulailler<\/strong>. La plateforme de gestion du r\u00e9seau de\u00a0 Welotec GmbH \u00a0 permettra de suivre simultan\u00e9ment tous les<strong> poulaillers mobiles d\u2019un client \u00e0 partir de 2023<\/strong>. Les clients pourront le faire eux-m\u00eames ou confier la gestion du r\u00e9seau \u00e0 farmermobil. Aucun nouvel <strong>\u00e9quipement n\u2019est n\u00e9cessaire pour cela<\/strong>. Tous les routeurs que nous livrons sont d\u00e9j\u00e0 adapt\u00e9s \u00e0 cette gestion du r\u00e9seau.<\/p>\n\n\n\n<p>Le routeur <strong>welotec sera livr\u00e9 sans suppl\u00e9ment<\/strong> de prix dans tous les poulaillers mobiles de la s\u00e9rie fm \u00e0 compter de mai 2022. Dans la <strong>s\u00e9rie STARTER<\/strong>, le routeur <strong>pourra \u00eatre command\u00e9<\/strong> en option. Les premiers syst\u00e8mes de contr\u00f4le pour la s\u00e9rie <strong>STARTER avec ce routeur seront<\/strong> disponibles \u00e0 partir de fin <strong>juin 2022<\/strong>.<\/p>\n\n\n\n<div class=\"wp-block-buttons is-layout-flex wp-block-buttons-is-layout-flex\">\n<div class=\"wp-block-button\"><a class=\"wp-block-button__link wp-element-button\" href=\"https:\/\/www.welotec.com\/industrial-router\/\" target=\"_blank\" rel=\"noreferrer noopener\">En savoir plus sur le routeur industriel TK602L!<\/a><\/div>\n<\/div>\n<\/div>\n\n\n\n<div class=\"wp-block-column is-layout-flow wp-block-column-is-layout-flow\">\n<figure class=\"wp-block-image size-full\"><img decoding=\"async\" width=\"1024\" height=\"683\" src=\"https:\/\/farmermobil.com\/wp-content\/uploads\/2023\/01\/farmermobil_Header_02-0013-1024x683-1.jpeg\" alt=\"\" class=\"wp-image-1621\" srcset=\"https:\/\/farmermobil.com\/wp-content\/uploads\/2023\/01\/farmermobil_Header_02-0013-1024x683-1.jpeg 1024w, https:\/\/farmermobil.com\/wp-content\/uploads\/2023\/01\/farmermobil_Header_02-0013-1024x683-1-300x200.jpeg 300w, https:\/\/farmermobil.com\/wp-content\/uploads\/2023\/01\/farmermobil_Header_02-0013-1024x683-1-768x512.jpeg 768w\" sizes=\"(max-width: 1024px) 100vw, 1024px\" \/><\/figure>\n<\/div>\n<\/div>\n","protected":false},"excerpt":{"rendered":"<p>Une nouvelle \u00e8re s\u2019ouvre avec le nouveau routeur compatible avec Internet et la t\u00e9l\u00e9phonie mobile de la soci\u00e9t\u00e9 Welotec GmbH \u00e0 Laer. Le syst\u00e8me de contr\u00f4le Siemens S7 avec \u00e9cran tactile 9 pouces a fait ses preuves dans la s\u00e9rie fm de farmermobil. L\u2019\u00e9clairage, l\u2019alimentation, les pondoirs, les trappes de sortie, la ventilation, les tapis [&hellip;]<\/p>\n","protected":false},"author":7,"featured_media":5527,"comment_status":"open","ping_status":"open","sticky":false,"template":"","format":"standard","meta":{"_acf_changed":false,"content-type":"","footnotes":""},"categories":[47,37],"tags":[],"class_list":["post-9159","post","type-post","status-publish","format-standard","has-post-thumbnail","hentry","category-actualites","category-non-classifiee"],"acf":[],"yoast_head":"<!-- This site is optimized with the Yoast SEO Premium plugin v26.3 (Yoast SEO v26.3) - https:\/\/yoast.com\/wordpress\/plugins\/seo\/ -->\n<title>Gestion via des terminaux mobiles - farmermobil GmbH<\/title>\n<meta name=\"robots\" content=\"index, follow, max-snippet:-1, max-image-preview:large, max-video-preview:-1\" \/>\n<link rel=\"canonical\" href=\"https:\/\/farmermobil.com\/fr\/gestion-via-des-terminaux-mobiles\/\" \/>\n<meta property=\"og:locale\" content=\"fr_FR\" \/>\n<meta property=\"og:type\" content=\"article\" \/>\n<meta property=\"og:title\" content=\"Gestion via des terminaux mobiles\" \/>\n<meta property=\"og:description\" content=\"Une nouvelle \u00e8re s\u2019ouvre avec le nouveau routeur compatible avec Internet et la t\u00e9l\u00e9phonie mobile de la soci\u00e9t\u00e9 Welotec GmbH \u00e0 Laer. Le syst\u00e8me de contr\u00f4le Siemens S7 avec \u00e9cran tactile 9 pouces a fait ses preuves dans la s\u00e9rie fm de farmermobil. L\u2019\u00e9clairage, l\u2019alimentation, les pondoirs, les trappes de sortie, la ventilation, les tapis [&hellip;]\" \/>\n<meta property=\"og:url\" content=\"https:\/\/farmermobil.com\/fr\/gestion-via-des-terminaux-mobiles\/\" \/>\n<meta property=\"og:site_name\" content=\"farmermobil GmbH\" \/>\n<meta property=\"article:publisher\" content=\"https:\/\/facebook.com\/farmermobil\" \/>\n<meta property=\"article:published_time\" content=\"2022-05-09T12:32:00+00:00\" \/>\n<meta property=\"article:modified_time\" content=\"2023-02-28T07:44:54+00:00\" \/>\n<meta property=\"og:image\" content=\"https:\/\/farmermobil.com\/wp-content\/uploads\/2023\/01\/farmermobil-fm600-arbeitssparend.jpeg\" \/>\n\t<meta property=\"og:image:width\" content=\"532\" \/>\n\t<meta property=\"og:image:height\" content=\"473\" \/>\n\t<meta property=\"og:image:type\" content=\"image\/jpeg\" \/>\n<meta name=\"author\" content=\"admin\" \/>\n<meta name=\"twitter:card\" content=\"summary_large_image\" \/>\n<meta name=\"twitter:label1\" content=\"\u00c9crit par\" \/>\n\t<meta name=\"twitter:data1\" content=\"admin\" \/>\n\t<meta name=\"twitter:label2\" content=\"Dur\u00e9e de lecture estim\u00e9e\" \/>\n\t<meta name=\"twitter:data2\" content=\"3 minutes\" \/>\n<script type=\"application\/ld+json\" class=\"yoast-schema-graph\">{\"@context\":\"https:\/\/schema.org\",\"@graph\":[{\"@type\":\"Article\",\"@id\":\"https:\/\/farmermobil.com\/fr\/gestion-via-des-terminaux-mobiles\/#article\",\"isPartOf\":{\"@id\":\"https:\/\/farmermobil.com\/fr\/gestion-via-des-terminaux-mobiles\/\"},\"author\":{\"name\":\"admin\",\"@id\":\"https:\/\/farmermobil.com\/#\/schema\/person\/ba66aa6371a8ec6735c3332d49473ebc\"},\"headline\":\"Gestion via des terminaux mobiles\",\"datePublished\":\"2022-05-09T12:32:00+00:00\",\"dateModified\":\"2023-02-28T07:44:54+00:00\",\"mainEntityOfPage\":{\"@id\":\"https:\/\/farmermobil.com\/fr\/gestion-via-des-terminaux-mobiles\/\"},\"wordCount\":627,\"commentCount\":0,\"publisher\":{\"@id\":\"https:\/\/farmermobil.com\/#organization\"},\"image\":{\"@id\":\"https:\/\/farmermobil.com\/fr\/gestion-via-des-terminaux-mobiles\/#primaryimage\"},\"thumbnailUrl\":\"https:\/\/farmermobil.com\/wp-content\/uploads\/2023\/01\/farmermobil-fm600-arbeitssparend.jpeg\",\"articleSection\":[\"Actualit\u00e9s\",\"Non classifi\u00e9(e)\"],\"inLanguage\":\"fr-FR\",\"potentialAction\":[{\"@type\":\"CommentAction\",\"name\":\"Comment\",\"target\":[\"https:\/\/farmermobil.com\/fr\/gestion-via-des-terminaux-mobiles\/#respond\"]}]},{\"@type\":\"WebPage\",\"@id\":\"https:\/\/farmermobil.com\/fr\/gestion-via-des-terminaux-mobiles\/\",\"url\":\"https:\/\/farmermobil.com\/fr\/gestion-via-des-terminaux-mobiles\/\",\"name\":\"Gestion via des terminaux mobiles - farmermobil GmbH\",\"isPartOf\":{\"@id\":\"https:\/\/farmermobil.com\/#website\"},\"primaryImageOfPage\":{\"@id\":\"https:\/\/farmermobil.com\/fr\/gestion-via-des-terminaux-mobiles\/#primaryimage\"},\"image\":{\"@id\":\"https:\/\/farmermobil.com\/fr\/gestion-via-des-terminaux-mobiles\/#primaryimage\"},\"thumbnailUrl\":\"https:\/\/farmermobil.com\/wp-content\/uploads\/2023\/01\/farmermobil-fm600-arbeitssparend.jpeg\",\"datePublished\":\"2022-05-09T12:32:00+00:00\",\"dateModified\":\"2023-02-28T07:44:54+00:00\",\"breadcrumb\":{\"@id\":\"https:\/\/farmermobil.com\/fr\/gestion-via-des-terminaux-mobiles\/#breadcrumb\"},\"inLanguage\":\"fr-FR\",\"potentialAction\":[{\"@type\":\"ReadAction\",\"target\":[\"https:\/\/farmermobil.com\/fr\/gestion-via-des-terminaux-mobiles\/\"]}]},{\"@type\":\"ImageObject\",\"inLanguage\":\"fr-FR\",\"@id\":\"https:\/\/farmermobil.com\/fr\/gestion-via-des-terminaux-mobiles\/#primaryimage\",\"url\":\"https:\/\/farmermobil.com\/wp-content\/uploads\/2023\/01\/farmermobil-fm600-arbeitssparend.jpeg\",\"contentUrl\":\"https:\/\/farmermobil.com\/wp-content\/uploads\/2023\/01\/farmermobil-fm600-arbeitssparend.jpeg\",\"width\":532,\"height\":473},{\"@type\":\"BreadcrumbList\",\"@id\":\"https:\/\/farmermobil.com\/fr\/gestion-via-des-terminaux-mobiles\/#breadcrumb\",\"itemListElement\":[{\"@type\":\"ListItem\",\"position\":1,\"name\":\"Startseite\",\"item\":\"https:\/\/farmermobil.com\/\"},{\"@type\":\"ListItem\",\"position\":2,\"name\":\"Gestion via des terminaux mobiles\"}]},{\"@type\":\"WebSite\",\"@id\":\"https:\/\/farmermobil.com\/#website\",\"url\":\"https:\/\/farmermobil.com\/\",\"name\":\"farmermobil GmbH\",\"description\":\"farmermobil DER Mobilstall\",\"publisher\":{\"@id\":\"https:\/\/farmermobil.com\/#organization\"},\"alternateName\":\"Mobilstall\",\"potentialAction\":[{\"@type\":\"SearchAction\",\"target\":{\"@type\":\"EntryPoint\",\"urlTemplate\":\"https:\/\/farmermobil.com\/?s={search_term_string}\"},\"query-input\":{\"@type\":\"PropertyValueSpecification\",\"valueRequired\":true,\"valueName\":\"search_term_string\"}}],\"inLanguage\":\"fr-FR\"},{\"@type\":\"Organization\",\"@id\":\"https:\/\/farmermobil.com\/#organization\",\"name\":\"farmermobil GmbH\",\"url\":\"https:\/\/farmermobil.com\/\",\"logo\":{\"@type\":\"ImageObject\",\"inLanguage\":\"fr-FR\",\"@id\":\"https:\/\/farmermobil.com\/#\/schema\/logo\/image\/\",\"url\":\"https:\/\/farmermobil.com\/wp-content\/uploads\/2023\/05\/farmermobil-knallrot-ohne-huhn-ubereinander-1-e1683558691453.png\",\"contentUrl\":\"https:\/\/farmermobil.com\/wp-content\/uploads\/2023\/05\/farmermobil-knallrot-ohne-huhn-ubereinander-1-e1683558691453.png\",\"width\":696,\"height\":696,\"caption\":\"farmermobil GmbH\"},\"image\":{\"@id\":\"https:\/\/farmermobil.com\/#\/schema\/logo\/image\/\"},\"sameAs\":[\"https:\/\/facebook.com\/farmermobil\",\"https:\/\/instagram.com\/farmermobil\"]},{\"@type\":\"Person\",\"@id\":\"https:\/\/farmermobil.com\/#\/schema\/person\/ba66aa6371a8ec6735c3332d49473ebc\",\"name\":\"admin\",\"image\":{\"@type\":\"ImageObject\",\"inLanguage\":\"fr-FR\",\"@id\":\"https:\/\/farmermobil.com\/#\/schema\/person\/image\/\",\"url\":\"https:\/\/secure.gravatar.com\/avatar\/f7776314d4ec9943f48d729824b2783d235340a995f4dc6727856363e0cc8e5a?s=96&d=mm&r=g\",\"contentUrl\":\"https:\/\/secure.gravatar.com\/avatar\/f7776314d4ec9943f48d729824b2783d235340a995f4dc6727856363e0cc8e5a?s=96&d=mm&r=g\",\"caption\":\"admin\"},\"sameAs\":[\"http:\/\/farmermobil.com\"],\"url\":\"https:\/\/farmermobil.com\/fr\/author\/admin-2\/\"}]}<\/script>\n<!-- \/ Yoast SEO Premium plugin. -->","yoast_head_json":{"title":"Gestion via des terminaux mobiles - farmermobil GmbH","robots":{"index":"index","follow":"follow","max-snippet":"max-snippet:-1","max-image-preview":"max-image-preview:large","max-video-preview":"max-video-preview:-1"},"canonical":"https:\/\/farmermobil.com\/fr\/gestion-via-des-terminaux-mobiles\/","og_locale":"fr_FR","og_type":"article","og_title":"Gestion via des terminaux mobiles","og_description":"Une nouvelle \u00e8re s\u2019ouvre avec le nouveau routeur compatible avec Internet et la t\u00e9l\u00e9phonie mobile de la soci\u00e9t\u00e9 Welotec GmbH \u00e0 Laer. Le syst\u00e8me de contr\u00f4le Siemens S7 avec \u00e9cran tactile 9 pouces a fait ses preuves dans la s\u00e9rie fm de farmermobil. L\u2019\u00e9clairage, l\u2019alimentation, les pondoirs, les trappes de sortie, la ventilation, les tapis [&hellip;]","og_url":"https:\/\/farmermobil.com\/fr\/gestion-via-des-terminaux-mobiles\/","og_site_name":"farmermobil GmbH","article_publisher":"https:\/\/facebook.com\/farmermobil","article_published_time":"2022-05-09T12:32:00+00:00","article_modified_time":"2023-02-28T07:44:54+00:00","og_image":[{"width":532,"height":473,"url":"https:\/\/farmermobil.com\/wp-content\/uploads\/2023\/01\/farmermobil-fm600-arbeitssparend.jpeg","type":"image\/jpeg"}],"author":"admin","twitter_card":"summary_large_image","twitter_misc":{"\u00c9crit par":"admin","Dur\u00e9e de lecture estim\u00e9e":"3 minutes"},"schema":{"@context":"https:\/\/schema.org","@graph":[{"@type":"Article","@id":"https:\/\/farmermobil.com\/fr\/gestion-via-des-terminaux-mobiles\/#article","isPartOf":{"@id":"https:\/\/farmermobil.com\/fr\/gestion-via-des-terminaux-mobiles\/"},"author":{"name":"admin","@id":"https:\/\/farmermobil.com\/#\/schema\/person\/ba66aa6371a8ec6735c3332d49473ebc"},"headline":"Gestion via des terminaux mobiles","datePublished":"2022-05-09T12:32:00+00:00","dateModified":"2023-02-28T07:44:54+00:00","mainEntityOfPage":{"@id":"https:\/\/farmermobil.com\/fr\/gestion-via-des-terminaux-mobiles\/"},"wordCount":627,"commentCount":0,"publisher":{"@id":"https:\/\/farmermobil.com\/#organization"},"image":{"@id":"https:\/\/farmermobil.com\/fr\/gestion-via-des-terminaux-mobiles\/#primaryimage"},"thumbnailUrl":"https:\/\/farmermobil.com\/wp-content\/uploads\/2023\/01\/farmermobil-fm600-arbeitssparend.jpeg","articleSection":["Actualit\u00e9s","Non classifi\u00e9(e)"],"inLanguage":"fr-FR","potentialAction":[{"@type":"CommentAction","name":"Comment","target":["https:\/\/farmermobil.com\/fr\/gestion-via-des-terminaux-mobiles\/#respond"]}]},{"@type":"WebPage","@id":"https:\/\/farmermobil.com\/fr\/gestion-via-des-terminaux-mobiles\/","url":"https:\/\/farmermobil.com\/fr\/gestion-via-des-terminaux-mobiles\/","name":"Gestion via des terminaux mobiles - farmermobil GmbH","isPartOf":{"@id":"https:\/\/farmermobil.com\/#website"},"primaryImageOfPage":{"@id":"https:\/\/farmermobil.com\/fr\/gestion-via-des-terminaux-mobiles\/#primaryimage"},"image":{"@id":"https:\/\/farmermobil.com\/fr\/gestion-via-des-terminaux-mobiles\/#primaryimage"},"thumbnailUrl":"https:\/\/farmermobil.com\/wp-content\/uploads\/2023\/01\/farmermobil-fm600-arbeitssparend.jpeg","datePublished":"2022-05-09T12:32:00+00:00","dateModified":"2023-02-28T07:44:54+00:00","breadcrumb":{"@id":"https:\/\/farmermobil.com\/fr\/gestion-via-des-terminaux-mobiles\/#breadcrumb"},"inLanguage":"fr-FR","potentialAction":[{"@type":"ReadAction","target":["https:\/\/farmermobil.com\/fr\/gestion-via-des-terminaux-mobiles\/"]}]},{"@type":"ImageObject","inLanguage":"fr-FR","@id":"https:\/\/farmermobil.com\/fr\/gestion-via-des-terminaux-mobiles\/#primaryimage","url":"https:\/\/farmermobil.com\/wp-content\/uploads\/2023\/01\/farmermobil-fm600-arbeitssparend.jpeg","contentUrl":"https:\/\/farmermobil.com\/wp-content\/uploads\/2023\/01\/farmermobil-fm600-arbeitssparend.jpeg","width":532,"height":473},{"@type":"BreadcrumbList","@id":"https:\/\/farmermobil.com\/fr\/gestion-via-des-terminaux-mobiles\/#breadcrumb","itemListElement":[{"@type":"ListItem","position":1,"name":"Startseite","item":"https:\/\/farmermobil.com\/"},{"@type":"ListItem","position":2,"name":"Gestion via des terminaux mobiles"}]},{"@type":"WebSite","@id":"https:\/\/farmermobil.com\/#website","url":"https:\/\/farmermobil.com\/","name":"farmermobil GmbH","description":"farmermobil DER Mobilstall","publisher":{"@id":"https:\/\/farmermobil.com\/#organization"},"alternateName":"Mobilstall","potentialAction":[{"@type":"SearchAction","target":{"@type":"EntryPoint","urlTemplate":"https:\/\/farmermobil.com\/?s={search_term_string}"},"query-input":{"@type":"PropertyValueSpecification","valueRequired":true,"valueName":"search_term_string"}}],"inLanguage":"fr-FR"},{"@type":"Organization","@id":"https:\/\/farmermobil.com\/#organization","name":"farmermobil GmbH","url":"https:\/\/farmermobil.com\/","logo":{"@type":"ImageObject","inLanguage":"fr-FR","@id":"https:\/\/farmermobil.com\/#\/schema\/logo\/image\/","url":"https:\/\/farmermobil.com\/wp-content\/uploads\/2023\/05\/farmermobil-knallrot-ohne-huhn-ubereinander-1-e1683558691453.png","contentUrl":"https:\/\/farmermobil.com\/wp-content\/uploads\/2023\/05\/farmermobil-knallrot-ohne-huhn-ubereinander-1-e1683558691453.png","width":696,"height":696,"caption":"farmermobil GmbH"},"image":{"@id":"https:\/\/farmermobil.com\/#\/schema\/logo\/image\/"},"sameAs":["https:\/\/facebook.com\/farmermobil","https:\/\/instagram.com\/farmermobil"]},{"@type":"Person","@id":"https:\/\/farmermobil.com\/#\/schema\/person\/ba66aa6371a8ec6735c3332d49473ebc","name":"admin","image":{"@type":"ImageObject","inLanguage":"fr-FR","@id":"https:\/\/farmermobil.com\/#\/schema\/person\/image\/","url":"https:\/\/secure.gravatar.com\/avatar\/f7776314d4ec9943f48d729824b2783d235340a995f4dc6727856363e0cc8e5a?s=96&d=mm&r=g","contentUrl":"https:\/\/secure.gravatar.com\/avatar\/f7776314d4ec9943f48d729824b2783d235340a995f4dc6727856363e0cc8e5a?s=96&d=mm&r=g","caption":"admin"},"sameAs":["http:\/\/farmermobil.com"],"url":"https:\/\/farmermobil.com\/fr\/author\/admin-2\/"}]}},"_links":{"self":[{"href":"https:\/\/farmermobil.com\/fr\/wp-json\/wp\/v2\/posts\/9159","targetHints":{"allow":["GET"]}}],"collection":[{"href":"https:\/\/farmermobil.com\/fr\/wp-json\/wp\/v2\/posts"}],"about":[{"href":"https:\/\/farmermobil.com\/fr\/wp-json\/wp\/v2\/types\/post"}],"author":[{"embeddable":true,"href":"https:\/\/farmermobil.com\/fr\/wp-json\/wp\/v2\/users\/7"}],"replies":[{"embeddable":true,"href":"https:\/\/farmermobil.com\/fr\/wp-json\/wp\/v2\/comments?post=9159"}],"version-history":[{"count":1,"href":"https:\/\/farmermobil.com\/fr\/wp-json\/wp\/v2\/posts\/9159\/revisions"}],"predecessor-version":[{"id":9160,"href":"https:\/\/farmermobil.com\/fr\/wp-json\/wp\/v2\/posts\/9159\/revisions\/9160"}],"wp:featuredmedia":[{"embeddable":true,"href":"https:\/\/farmermobil.com\/fr\/wp-json\/wp\/v2\/media\/5527"}],"wp:attachment":[{"href":"https:\/\/farmermobil.com\/fr\/wp-json\/wp\/v2\/media?parent=9159"}],"wp:term":[{"taxonomy":"category","embeddable":true,"href":"https:\/\/farmermobil.com\/fr\/wp-json\/wp\/v2\/categories?post=9159"},{"taxonomy":"post_tag","embeddable":true,"href":"https:\/\/farmermobil.com\/fr\/wp-json\/wp\/v2\/tags?post=9159"}],"curies":[{"name":"wp","href":"https:\/\/api.w.org\/{rel}","templated":true}]}}