{"id":9157,"date":"2022-10-24T15:26:03","date_gmt":"2022-10-24T14:26:03","guid":{"rendered":"https:\/\/farmermobil.com\/serie-fm-the-next-generation\/"},"modified":"2023-02-28T08:38:34","modified_gmt":"2023-02-28T07:38:34","slug":"serie-fm-the-next-generation","status":"publish","type":"post","link":"https:\/\/farmermobil.com\/fr\/serie-fm-the-next-generation\/","title":{"rendered":"S\u00e9rie fm THE NEXT GENERATION"},"content":{"rendered":"\n<p><strong>De l\u2019agriculture pour l\u2019agriculture.<\/strong><\/p>\n\n<p>Nous avons perfectionn\u00e9 notre s\u00e9rie fm en \u00e9troite collaboration avec nos clients. Ainsi, nous avons recueilli de nombreuses id\u00e9es et appris sur le terrain. Le premier prototype de la nouvelle s\u00e9rie fm a \u00e9t\u00e9 livr\u00e9 le 15 septembre 2022. Au cours des prochains mois, il sera test\u00e9 dans des conditions plus approfondies avec des animaux. Les r\u00e9sultats des tests permettront de d\u00e9velopper le v\u00e9hicule de s\u00e9rie pour la nouvelle s\u00e9rie fm. Le nouveau fm sera disponible d\u00e9but 2023.<\/p>\n\n<p><strong>Et la cerise sur le g\u00e2teau? Nous vous proposerons bient\u00f4t des visites sur le terrain!<\/strong><\/p>\n\n<p><strong>Si tu es int\u00e9ress\u00e9(e), n\u2019h\u00e9site pas \u00e0 contacter ton interlocuteur ou \u00e0 cliquer ici:<\/strong><\/p>\n\n<div class=\"wp-block-buttons is-layout-flex wp-block-buttons-is-layout-flex\">\n<div class=\"wp-block-button\"><a class=\"wp-block-button__link wp-element-button\">Contact<\/a><\/div>\n<\/div>\n\n<h2 class=\"wp-block-heading\">Quoi de neuf ?<\/h2>\n\n<div class=\"wp-block-columns is-layout-flex wp-container-core-columns-is-layout-28f84493 wp-block-columns-is-layout-flex\">\n<div class=\"wp-block-column is-layout-flow wp-block-column-is-layout-flow\">\n<h3 class=\"wp-block-heading\">Ventilation<\/h3>\n\n\n\n<p>Ces derniers mois, nous avons enti\u00e8rement repens\u00e9 notre s\u00e9rie fm. Mais quels sont les nouveaux \u00e9l\u00e9ments ? Nous avons d\u00e9velopp\u00e9 un\u00a0nouveau concept d\u2019a\u00e9ration\u00a0avec, entre autres, une\u00a0ventilation du toit par des chemin\u00e9es d\u2019\u00e9vacuation\u00a0. Cela permet d\u2019am\u00e9liorer consid\u00e9rablement le climat dans le poulailler. Les bandes lumineuses dans les caissons lat\u00e9raux sont \u00e9galement les \u00e9l\u00e9ments d\u2019arriv\u00e9e d\u2019air \u00e0 commande automatique. Elles assurent non&#13;\nseulement une meilleure ventilation, mais aussi une\u00a0r\u00e9partition plus homog\u00e8ne de la lumi\u00e8re\u00a0dans le poulailler. Si l\u2019a\u00e9ration libre ne suffit pas, de puissants ventilateurs \u00e0 temp\u00e9rature contr\u00f4l\u00e9e sont mis en marche dans les chemin\u00e9es d\u2019\u00e9vacuation.<\/p>\n<\/div>\n\n\n\n<div class=\"wp-block-column is-layout-flow wp-block-column-is-layout-flow\">\n<figure class=\"wp-block-gallery has-nested-images columns-default is-cropped wp-block-gallery-1 is-layout-flex wp-block-gallery-is-layout-flex\">\n<figure class=\"wp-block-image size-large\"><img fetchpriority=\"high\" decoding=\"async\" width=\"1024\" height=\"683\" data-id=\"680\" src=\"https:\/\/farmermobil.com\/wp-content\/uploads\/2023\/01\/fm-NextGeneration-011-1024x683-1.jpeg\" alt=\"\" class=\"wp-image-680\" srcset=\"https:\/\/farmermobil.com\/wp-content\/uploads\/2023\/01\/fm-NextGeneration-011-1024x683-1.jpeg 1024w, https:\/\/farmermobil.com\/wp-content\/uploads\/2023\/01\/fm-NextGeneration-011-1024x683-1-300x200.jpeg 300w, https:\/\/farmermobil.com\/wp-content\/uploads\/2023\/01\/fm-NextGeneration-011-1024x683-1-768x512.jpeg 768w\" sizes=\"(max-width: 1024px) 100vw, 1024px\" \/><\/figure>\n<\/figure>\n<\/div>\n<\/div>\n\n<figure class=\"wp-block-image aligncenter size-full is-resized\"><img decoding=\"async\" src=\"https:\/\/farmermobil.com\/wp-content\/uploads\/2023\/01\/fm-NextGeneration-019-1024x580-1.jpeg\" alt=\"\" class=\"wp-image-1665\" width=\"1024\" height=\"580\" srcset=\"https:\/\/farmermobil.com\/wp-content\/uploads\/2023\/01\/fm-NextGeneration-019-1024x580-1.jpeg 1024w, https:\/\/farmermobil.com\/wp-content\/uploads\/2023\/01\/fm-NextGeneration-019-1024x580-1-300x170.jpeg 300w, https:\/\/farmermobil.com\/wp-content\/uploads\/2023\/01\/fm-NextGeneration-019-1024x580-1-768x435.jpeg 768w\" sizes=\"(max-width: 1024px) 100vw, 1024px\" \/><\/figure>\n\n<div style=\"height:100px\" aria-hidden=\"true\" class=\"wp-block-spacer\"><\/div>\n\n<div class=\"wp-block-columns are-vertically-aligned-center is-layout-flex wp-container-core-columns-is-layout-28f84493 wp-block-columns-is-layout-flex\">\n<div class=\"wp-block-column is-vertically-aligned-center is-layout-flow wp-block-column-is-layout-flow\" style=\"flex-basis:33.33%\">\n<figure class=\"wp-block-image size-full\"><img decoding=\"async\" width=\"1024\" height=\"713\" src=\"https:\/\/farmermobil.com\/wp-content\/uploads\/2023\/01\/fm-NextGeneration-007-1024x713-1.jpeg\" alt=\"\" class=\"wp-image-1668\" srcset=\"https:\/\/farmermobil.com\/wp-content\/uploads\/2023\/01\/fm-NextGeneration-007-1024x713-1.jpeg 1024w, https:\/\/farmermobil.com\/wp-content\/uploads\/2023\/01\/fm-NextGeneration-007-1024x713-1-300x209.jpeg 300w, https:\/\/farmermobil.com\/wp-content\/uploads\/2023\/01\/fm-NextGeneration-007-1024x713-1-768x535.jpeg 768w\" sizes=\"(max-width: 1024px) 100vw, 1024px\" \/><\/figure>\n<\/div>\n\n\n\n<div class=\"wp-block-column is-vertically-aligned-center is-layout-flow wp-block-column-is-layout-flow\" style=\"flex-basis:66.66%\">\n<h3 class=\"wp-block-heading\">Trappes de sortie<\/h3>\n\n\n\n<p>Des\u00a0trappes de sortie lat\u00e9rales augmentent la surface utile accessible et r\u00e9duisent l\u2019entr\u00e9e de salet\u00e9s par les poules gr\u00e2ce \u00e0 un acc\u00e8s par des\u00a0rampes grillag\u00e9es. Les rampes grillag\u00e9es se rel\u00e8vent facilement et rapidement. Le d\u00e9placement du fms est simple et rapide.<\/p>\n<\/div>\n<\/div>\n\n<hr class=\"wp-block-separator has-alpha-channel-opacity\"\/>\n\n<div class=\"wp-block-columns is-layout-flex wp-container-core-columns-is-layout-28f84493 wp-block-columns-is-layout-flex\">\n<div class=\"wp-block-column is-layout-flow wp-block-column-is-layout-flow\">\n<h3 class=\"wp-block-heading\">Pondoirs<\/h3>\n\n\n\n<p>Les pondoirs ont \u00e9galement \u00e9t\u00e9 modifi\u00e9s ! La s\u00e9rie fm nouvelle g\u00e9n\u00e9ration dispose de\u00a0pondoirs \u00e0 double fond\u00a0dans les caissons lat\u00e9raux et de\u00a0deux points de pr\u00e9l\u00e8vement\u00a0dans des espaces d\u2019entr\u00e9e enti\u00e8rement isol\u00e9s. Ces espaces font \u00e9galement office de sas d\u2019hygi\u00e8ne. La voli\u00e8re est ainsi accessible des deux c\u00f4t\u00e9s et plus facile \u00e0 voir. \u00c0 pr\u00e9sent, la voli\u00e8re offre \u00e9galement de la place pour une\u00a0ligne d\u2019alimentation pli\u00e9e\u00a0et il n\u2019y a plus aucune mangeoire transversale. Le contr\u00f4le visuel, le nettoyage du poulailler et la sortie des animaux sont ainsi beaucoup plus faciles !<\/p>\n<\/div>\n\n\n\n<div class=\"wp-block-column is-layout-flow wp-block-column-is-layout-flow\">\n<figure class=\"wp-block-image size-full is-resized\"><img loading=\"lazy\" decoding=\"async\" src=\"https:\/\/farmermobil.com\/wp-content\/uploads\/2023\/01\/fm-NextGeneration-001-komp-1024x683-1.jpeg\" alt=\"\" class=\"wp-image-1670\" width=\"410\" height=\"273\" srcset=\"https:\/\/farmermobil.com\/wp-content\/uploads\/2023\/01\/fm-NextGeneration-001-komp-1024x683-1.jpeg 1024w, https:\/\/farmermobil.com\/wp-content\/uploads\/2023\/01\/fm-NextGeneration-001-komp-1024x683-1-300x200.jpeg 300w, https:\/\/farmermobil.com\/wp-content\/uploads\/2023\/01\/fm-NextGeneration-001-komp-1024x683-1-768x512.jpeg 768w\" sizes=\"(max-width: 410px) 100vw, 410px\" \/><\/figure>\n<\/div>\n<\/div>\n\n<h3 class=\"wp-block-heading\">Syst\u00e8me de contr\u00f4le<\/h3>\n\n<p>L\u2019armoire \u00e9lectrique\u00a0et le\u00a0syst\u00e8me de contr\u00f4le\u00a0ne se trouvent plus dans le local technique, mais sont d\u00e9sormais facilement accessibles et prot\u00e9g\u00e9s de la poussi\u00e8re du poulailler\u00a0dans l\u2019espace d\u2019entr\u00e9e\u00a0. Ainsi, le local technique est \u00e9galement beaucoup plus facile d\u2019acc\u00e8s. La s\u00e9rie fm nouvelle g\u00e9n\u00e9ration est \u00e9galement livr\u00e9e dans sa\u00a0version standard avec l\u2019acc\u00e8s \u00e0 distance\u00a0pour les terminaux mobiles et un acc\u00e8s \u00e0 distance pour nos techniciens de maintenance.<\/p>\n\n<p>\u00c0 l\u2019avenir, il sera \u00e9galement possible de l\u2019int\u00e9grer \u00e0 l\u2019application Bankiva. La commande de ventilation a \u00e9t\u00e9 enti\u00e8rement repens\u00e9e.<\/p>\n\n<hr class=\"wp-block-separator has-alpha-channel-opacity\"\/>\n\n<div class=\"wp-block-columns is-layout-flex wp-container-core-columns-is-layout-28f84493 wp-block-columns-is-layout-flex\">\n<div class=\"wp-block-column is-layout-flow wp-block-column-is-layout-flow\">\n<h3 class=\"wp-block-heading\">Des b\u00e9quilles hydrauliques permettent un positionnement sur un terrain en pente.<\/h3>\n\n\n\n<p>Le nouveau\u00a0syst\u00e8me de levage hydraulique sous le plancher\u00a0avec mise \u00e0 niveau automatique permet de compenser la hauteur jusqu\u2019\u00e0 70 cm (en option suppl\u00e9mentaire dans la s\u00e9rie). Le\u00a0syst\u00e8me de mise \u00e0 niveau enti\u00e8rement automatique\u00a0permet l\u2019apprentissage d\u2019une position cible, par exemple une position compl\u00e8tement de niveau ou avec une tr\u00e8s l\u00e9g\u00e8re pente en direction du pr\u00e9l\u00e8vement d\u2019\u0153ufs. Pour d\u00e9placer le poulailler, il suffit de rentrer les&#13;\nb\u00e9quilles et, \u00e0 la nouvelle position, le poulailler est d\u00e9plac\u00e9 dans la position apprise\u00a0par simple pression sur un bouton\u00a0. D\u00e9placer nos poulaillers mobiles n\u2019a jamais \u00e9t\u00e9 aussi simple !<\/p>\n<\/div>\n\n\n\n<div class=\"wp-block-column is-vertically-aligned-center is-layout-flow wp-block-column-is-layout-flow\">\n<figure class=\"wp-block-image size-full is-resized\"><img loading=\"lazy\" decoding=\"async\" src=\"https:\/\/farmermobil.com\/wp-content\/uploads\/2023\/01\/fm-NextGeneration-005-komp-1024x657-1.jpeg\" alt=\"\" class=\"wp-image-1673\" width=\"458\" height=\"293\" srcset=\"https:\/\/farmermobil.com\/wp-content\/uploads\/2023\/01\/fm-NextGeneration-005-komp-1024x657-1.jpeg 1024w, https:\/\/farmermobil.com\/wp-content\/uploads\/2023\/01\/fm-NextGeneration-005-komp-1024x657-1-300x192.jpeg 300w, https:\/\/farmermobil.com\/wp-content\/uploads\/2023\/01\/fm-NextGeneration-005-komp-1024x657-1-768x493.jpeg 768w\" sizes=\"(max-width: 458px) 100vw, 458px\" \/><\/figure>\n<\/div>\n<\/div>\n\n<div class=\"wp-block-columns is-layout-flex wp-container-core-columns-is-layout-28f84493 wp-block-columns-is-layout-flex\">\n<div class=\"wp-block-column is-vertically-aligned-center is-layout-flow wp-block-column-is-layout-flow\">\n<figure class=\"wp-block-image size-full is-resized\"><img loading=\"lazy\" decoding=\"async\" src=\"https:\/\/farmermobil.com\/wp-content\/uploads\/2023\/01\/fm-NextGeneration-009-1024x683-1.jpeg\" alt=\"\" class=\"wp-image-1676\" width=\"381\" height=\"254\" srcset=\"https:\/\/farmermobil.com\/wp-content\/uploads\/2023\/01\/fm-NextGeneration-009-1024x683-1.jpeg 1024w, https:\/\/farmermobil.com\/wp-content\/uploads\/2023\/01\/fm-NextGeneration-009-1024x683-1-300x200.jpeg 300w, https:\/\/farmermobil.com\/wp-content\/uploads\/2023\/01\/fm-NextGeneration-009-1024x683-1-768x512.jpeg 768w\" sizes=\"(max-width: 381px) 100vw, 381px\" \/><\/figure>\n<\/div>\n\n\n\n<div class=\"wp-block-column is-vertically-aligned-center is-layout-flow wp-block-column-is-layout-flow\">\n<h2 class=\"wp-block-heading\">Nourriture et eau<\/h2>\n\n\n\n<p>Gr\u00e2ce \u00e0 l\u2019espace gagn\u00e9 dans la voli\u00e8re, les poules pondeuses disposent d\u2019une\u00a0ligne d\u2019eau suppl\u00e9mentaire\u00a0au niveau inf\u00e9rieur. La ligne d\u2019alimentation est d\u00e9sormais install\u00e9e\u00a0sans aucune mangeoire transversale\u00a0et des\u00a0perchoirs suppl\u00e9mentaires\u00a0offrent un plus grand confort aux poules pondeuses.<\/p>\n<\/div>\n<\/div>\n\n<hr class=\"wp-block-separator has-alpha-channel-opacity\"\/>\n\n<h3 class=\"wp-block-heading\">Les nouveaux d\u00e9veloppements de la g\u00e9n\u00e9ration fm actuelle<\/h3>\n\n<p>Notre g\u00e9n\u00e9ration fm actuelle n\u2019est pas pour autant d\u00e9pass\u00e9e. Nous proposons \u00e9galement pour la s\u00e9rie fm actuelle un grand nombre des nouveaux d\u00e9veloppements destin\u00e9s \u00e0 la prochaine g\u00e9n\u00e9ration fm. \u00c0 noter les trappes de sortie lat\u00e9rales, les bandes lumineuses comme \u00e9l\u00e9ments d\u2019arriv\u00e9e d\u2019air \u00e0 commande automatique ainsi que les ventilateurs 230 V performants pour les poulaillers mobiles sans installation photovolta\u00efque. Les bandes lumineuses sont \u00e9galement disponibles en option avec des \u00e9l\u00e9ments d\u2019obscurcissement ventil\u00e9s par l\u2019arri\u00e8re pour faciliter l\u2019entr\u00e9e des poules dans le poulailler.<\/p>\n\n<p><strong>La s\u00e9rie fm nouvelle g\u00e9n\u00e9ration ne sera disponible qu\u2019\u00e0 partir de d\u00e9but 2023.<\/strong><\/p>\n\n<p>Tu es int\u00e9ress\u00e9(e)?<\/p>\n\n<p>Envoie-nous ta demande d\u2019informations d\u00e8s \u00e0 pr\u00e9sent!<\/p>\n\n<div class=\"wp-block-buttons is-layout-flex wp-block-buttons-is-layout-flex\">\n<div class=\"wp-block-button\"><a class=\"wp-block-button__link wp-element-button\" href=\"https:\/\/farmermobil.com\/fr\/contact\/\" target=\"_blank\" rel=\"noreferrer noopener\">Demande d\u2019informations<\/a><\/div>\n<\/div>\n","protected":false},"excerpt":{"rendered":"<p>De l\u2019agriculture pour l\u2019agriculture. Nous avons perfectionn\u00e9 notre s\u00e9rie fm en \u00e9troite collaboration avec nos clients. Ainsi, nous avons recueilli de nombreuses id\u00e9es et appris sur le terrain. Le premier prototype de la nouvelle s\u00e9rie fm a \u00e9t\u00e9 livr\u00e9 le 15 septembre 2022. Au cours des prochains mois, il sera test\u00e9 dans des conditions plus [&hellip;]<\/p>\n","protected":false},"author":7,"featured_media":5474,"comment_status":"open","ping_status":"open","sticky":false,"template":"","format":"standard","meta":{"_acf_changed":false,"content-type":"","footnotes":""},"categories":[47,48],"tags":[],"class_list":["post-9157","post","type-post","status-publish","format-standard","has-post-thumbnail","hentry","category-actualites","category-highlight-fr"],"acf":[],"yoast_head":"<!-- This site is optimized with the Yoast SEO Premium plugin v26.3 (Yoast SEO v26.3) - https:\/\/yoast.com\/wordpress\/plugins\/seo\/ -->\n<title>S\u00e9rie fm THE NEXT GENERATION - farmermobil GmbH<\/title>\n<meta name=\"robots\" content=\"index, follow, max-snippet:-1, max-image-preview:large, max-video-preview:-1\" \/>\n<link rel=\"canonical\" href=\"https:\/\/farmermobil.com\/fr\/serie-fm-the-next-generation\/\" \/>\n<meta property=\"og:locale\" content=\"fr_FR\" \/>\n<meta property=\"og:type\" content=\"article\" \/>\n<meta property=\"og:title\" content=\"S\u00e9rie fm THE NEXT GENERATION\" \/>\n<meta property=\"og:description\" content=\"De l\u2019agriculture pour l\u2019agriculture. Nous avons perfectionn\u00e9 notre s\u00e9rie fm en \u00e9troite collaboration avec nos clients. Ainsi, nous avons recueilli de nombreuses id\u00e9es et appris sur le terrain. Le premier prototype de la nouvelle s\u00e9rie fm a \u00e9t\u00e9 livr\u00e9 le 15 septembre 2022. Au cours des prochains mois, il sera test\u00e9 dans des conditions plus [&hellip;]\" \/>\n<meta property=\"og:url\" content=\"https:\/\/farmermobil.com\/fr\/serie-fm-the-next-generation\/\" \/>\n<meta property=\"og:site_name\" content=\"farmermobil GmbH\" \/>\n<meta property=\"article:publisher\" content=\"https:\/\/facebook.com\/farmermobil\" \/>\n<meta property=\"article:published_time\" content=\"2022-10-24T14:26:03+00:00\" \/>\n<meta property=\"article:modified_time\" content=\"2023-02-28T07:38:34+00:00\" \/>\n<meta property=\"og:image\" content=\"https:\/\/farmermobil.com\/wp-content\/uploads\/2023\/01\/fm-NextGeneration-018-1-scaled-1.jpeg\" \/>\n\t<meta property=\"og:image:width\" content=\"2560\" \/>\n\t<meta property=\"og:image:height\" content=\"1597\" \/>\n\t<meta property=\"og:image:type\" content=\"image\/jpeg\" \/>\n<meta name=\"author\" content=\"admin\" \/>\n<meta name=\"twitter:card\" content=\"summary_large_image\" \/>\n<meta name=\"twitter:label1\" content=\"\u00c9crit par\" \/>\n\t<meta name=\"twitter:data1\" content=\"admin\" \/>\n\t<meta name=\"twitter:label2\" content=\"Dur\u00e9e de lecture estim\u00e9e\" \/>\n\t<meta name=\"twitter:data2\" content=\"4 minutes\" \/>\n<script type=\"application\/ld+json\" class=\"yoast-schema-graph\">{\"@context\":\"https:\/\/schema.org\",\"@graph\":[{\"@type\":\"Article\",\"@id\":\"https:\/\/farmermobil.com\/fr\/serie-fm-the-next-generation\/#article\",\"isPartOf\":{\"@id\":\"https:\/\/farmermobil.com\/fr\/serie-fm-the-next-generation\/\"},\"author\":{\"name\":\"admin\",\"@id\":\"https:\/\/farmermobil.com\/#\/schema\/person\/ba66aa6371a8ec6735c3332d49473ebc\"},\"headline\":\"S\u00e9rie fm THE NEXT GENERATION\",\"datePublished\":\"2022-10-24T14:26:03+00:00\",\"dateModified\":\"2023-02-28T07:38:34+00:00\",\"mainEntityOfPage\":{\"@id\":\"https:\/\/farmermobil.com\/fr\/serie-fm-the-next-generation\/\"},\"wordCount\":862,\"commentCount\":0,\"publisher\":{\"@id\":\"https:\/\/farmermobil.com\/#organization\"},\"image\":{\"@id\":\"https:\/\/farmermobil.com\/fr\/serie-fm-the-next-generation\/#primaryimage\"},\"thumbnailUrl\":\"https:\/\/farmermobil.com\/wp-content\/uploads\/2023\/01\/fm-NextGeneration-018-1-scaled-1.jpeg\",\"articleSection\":[\"Actualit\u00e9s\",\"Highlight\"],\"inLanguage\":\"fr-FR\",\"potentialAction\":[{\"@type\":\"CommentAction\",\"name\":\"Comment\",\"target\":[\"https:\/\/farmermobil.com\/fr\/serie-fm-the-next-generation\/#respond\"]}]},{\"@type\":\"WebPage\",\"@id\":\"https:\/\/farmermobil.com\/fr\/serie-fm-the-next-generation\/\",\"url\":\"https:\/\/farmermobil.com\/fr\/serie-fm-the-next-generation\/\",\"name\":\"S\u00e9rie fm THE NEXT GENERATION - farmermobil GmbH\",\"isPartOf\":{\"@id\":\"https:\/\/farmermobil.com\/#website\"},\"primaryImageOfPage\":{\"@id\":\"https:\/\/farmermobil.com\/fr\/serie-fm-the-next-generation\/#primaryimage\"},\"image\":{\"@id\":\"https:\/\/farmermobil.com\/fr\/serie-fm-the-next-generation\/#primaryimage\"},\"thumbnailUrl\":\"https:\/\/farmermobil.com\/wp-content\/uploads\/2023\/01\/fm-NextGeneration-018-1-scaled-1.jpeg\",\"datePublished\":\"2022-10-24T14:26:03+00:00\",\"dateModified\":\"2023-02-28T07:38:34+00:00\",\"breadcrumb\":{\"@id\":\"https:\/\/farmermobil.com\/fr\/serie-fm-the-next-generation\/#breadcrumb\"},\"inLanguage\":\"fr-FR\",\"potentialAction\":[{\"@type\":\"ReadAction\",\"target\":[\"https:\/\/farmermobil.com\/fr\/serie-fm-the-next-generation\/\"]}]},{\"@type\":\"ImageObject\",\"inLanguage\":\"fr-FR\",\"@id\":\"https:\/\/farmermobil.com\/fr\/serie-fm-the-next-generation\/#primaryimage\",\"url\":\"https:\/\/farmermobil.com\/wp-content\/uploads\/2023\/01\/fm-NextGeneration-018-1-scaled-1.jpeg\",\"contentUrl\":\"https:\/\/farmermobil.com\/wp-content\/uploads\/2023\/01\/fm-NextGeneration-018-1-scaled-1.jpeg\",\"width\":2560,\"height\":1597},{\"@type\":\"BreadcrumbList\",\"@id\":\"https:\/\/farmermobil.com\/fr\/serie-fm-the-next-generation\/#breadcrumb\",\"itemListElement\":[{\"@type\":\"ListItem\",\"position\":1,\"name\":\"Startseite\",\"item\":\"https:\/\/farmermobil.com\/\"},{\"@type\":\"ListItem\",\"position\":2,\"name\":\"S\u00e9rie fm THE NEXT GENERATION\"}]},{\"@type\":\"WebSite\",\"@id\":\"https:\/\/farmermobil.com\/#website\",\"url\":\"https:\/\/farmermobil.com\/\",\"name\":\"farmermobil GmbH\",\"description\":\"farmermobil DER Mobilstall\",\"publisher\":{\"@id\":\"https:\/\/farmermobil.com\/#organization\"},\"alternateName\":\"Mobilstall\",\"potentialAction\":[{\"@type\":\"SearchAction\",\"target\":{\"@type\":\"EntryPoint\",\"urlTemplate\":\"https:\/\/farmermobil.com\/?s={search_term_string}\"},\"query-input\":{\"@type\":\"PropertyValueSpecification\",\"valueRequired\":true,\"valueName\":\"search_term_string\"}}],\"inLanguage\":\"fr-FR\"},{\"@type\":\"Organization\",\"@id\":\"https:\/\/farmermobil.com\/#organization\",\"name\":\"farmermobil GmbH\",\"url\":\"https:\/\/farmermobil.com\/\",\"logo\":{\"@type\":\"ImageObject\",\"inLanguage\":\"fr-FR\",\"@id\":\"https:\/\/farmermobil.com\/#\/schema\/logo\/image\/\",\"url\":\"https:\/\/farmermobil.com\/wp-content\/uploads\/2023\/05\/farmermobil-knallrot-ohne-huhn-ubereinander-1-e1683558691453.png\",\"contentUrl\":\"https:\/\/farmermobil.com\/wp-content\/uploads\/2023\/05\/farmermobil-knallrot-ohne-huhn-ubereinander-1-e1683558691453.png\",\"width\":696,\"height\":696,\"caption\":\"farmermobil GmbH\"},\"image\":{\"@id\":\"https:\/\/farmermobil.com\/#\/schema\/logo\/image\/\"},\"sameAs\":[\"https:\/\/facebook.com\/farmermobil\",\"https:\/\/instagram.com\/farmermobil\"]},{\"@type\":\"Person\",\"@id\":\"https:\/\/farmermobil.com\/#\/schema\/person\/ba66aa6371a8ec6735c3332d49473ebc\",\"name\":\"admin\",\"image\":{\"@type\":\"ImageObject\",\"inLanguage\":\"fr-FR\",\"@id\":\"https:\/\/farmermobil.com\/#\/schema\/person\/image\/\",\"url\":\"https:\/\/secure.gravatar.com\/avatar\/f7776314d4ec9943f48d729824b2783d235340a995f4dc6727856363e0cc8e5a?s=96&d=mm&r=g\",\"contentUrl\":\"https:\/\/secure.gravatar.com\/avatar\/f7776314d4ec9943f48d729824b2783d235340a995f4dc6727856363e0cc8e5a?s=96&d=mm&r=g\",\"caption\":\"admin\"},\"sameAs\":[\"http:\/\/farmermobil.com\"],\"url\":\"https:\/\/farmermobil.com\/fr\/author\/admin-2\/\"}]}<\/script>\n<!-- \/ Yoast SEO Premium plugin. -->","yoast_head_json":{"title":"S\u00e9rie fm THE NEXT GENERATION - farmermobil GmbH","robots":{"index":"index","follow":"follow","max-snippet":"max-snippet:-1","max-image-preview":"max-image-preview:large","max-video-preview":"max-video-preview:-1"},"canonical":"https:\/\/farmermobil.com\/fr\/serie-fm-the-next-generation\/","og_locale":"fr_FR","og_type":"article","og_title":"S\u00e9rie fm THE NEXT GENERATION","og_description":"De l\u2019agriculture pour l\u2019agriculture. Nous avons perfectionn\u00e9 notre s\u00e9rie fm en \u00e9troite collaboration avec nos clients. Ainsi, nous avons recueilli de nombreuses id\u00e9es et appris sur le terrain. Le premier prototype de la nouvelle s\u00e9rie fm a \u00e9t\u00e9 livr\u00e9 le 15 septembre 2022. Au cours des prochains mois, il sera test\u00e9 dans des conditions plus [&hellip;]","og_url":"https:\/\/farmermobil.com\/fr\/serie-fm-the-next-generation\/","og_site_name":"farmermobil GmbH","article_publisher":"https:\/\/facebook.com\/farmermobil","article_published_time":"2022-10-24T14:26:03+00:00","article_modified_time":"2023-02-28T07:38:34+00:00","og_image":[{"width":2560,"height":1597,"url":"https:\/\/farmermobil.com\/wp-content\/uploads\/2023\/01\/fm-NextGeneration-018-1-scaled-1.jpeg","type":"image\/jpeg"}],"author":"admin","twitter_card":"summary_large_image","twitter_misc":{"\u00c9crit par":"admin","Dur\u00e9e de lecture estim\u00e9e":"4 minutes"},"schema":{"@context":"https:\/\/schema.org","@graph":[{"@type":"Article","@id":"https:\/\/farmermobil.com\/fr\/serie-fm-the-next-generation\/#article","isPartOf":{"@id":"https:\/\/farmermobil.com\/fr\/serie-fm-the-next-generation\/"},"author":{"name":"admin","@id":"https:\/\/farmermobil.com\/#\/schema\/person\/ba66aa6371a8ec6735c3332d49473ebc"},"headline":"S\u00e9rie fm THE NEXT GENERATION","datePublished":"2022-10-24T14:26:03+00:00","dateModified":"2023-02-28T07:38:34+00:00","mainEntityOfPage":{"@id":"https:\/\/farmermobil.com\/fr\/serie-fm-the-next-generation\/"},"wordCount":862,"commentCount":0,"publisher":{"@id":"https:\/\/farmermobil.com\/#organization"},"image":{"@id":"https:\/\/farmermobil.com\/fr\/serie-fm-the-next-generation\/#primaryimage"},"thumbnailUrl":"https:\/\/farmermobil.com\/wp-content\/uploads\/2023\/01\/fm-NextGeneration-018-1-scaled-1.jpeg","articleSection":["Actualit\u00e9s","Highlight"],"inLanguage":"fr-FR","potentialAction":[{"@type":"CommentAction","name":"Comment","target":["https:\/\/farmermobil.com\/fr\/serie-fm-the-next-generation\/#respond"]}]},{"@type":"WebPage","@id":"https:\/\/farmermobil.com\/fr\/serie-fm-the-next-generation\/","url":"https:\/\/farmermobil.com\/fr\/serie-fm-the-next-generation\/","name":"S\u00e9rie fm THE NEXT GENERATION - farmermobil GmbH","isPartOf":{"@id":"https:\/\/farmermobil.com\/#website"},"primaryImageOfPage":{"@id":"https:\/\/farmermobil.com\/fr\/serie-fm-the-next-generation\/#primaryimage"},"image":{"@id":"https:\/\/farmermobil.com\/fr\/serie-fm-the-next-generation\/#primaryimage"},"thumbnailUrl":"https:\/\/farmermobil.com\/wp-content\/uploads\/2023\/01\/fm-NextGeneration-018-1-scaled-1.jpeg","datePublished":"2022-10-24T14:26:03+00:00","dateModified":"2023-02-28T07:38:34+00:00","breadcrumb":{"@id":"https:\/\/farmermobil.com\/fr\/serie-fm-the-next-generation\/#breadcrumb"},"inLanguage":"fr-FR","potentialAction":[{"@type":"ReadAction","target":["https:\/\/farmermobil.com\/fr\/serie-fm-the-next-generation\/"]}]},{"@type":"ImageObject","inLanguage":"fr-FR","@id":"https:\/\/farmermobil.com\/fr\/serie-fm-the-next-generation\/#primaryimage","url":"https:\/\/farmermobil.com\/wp-content\/uploads\/2023\/01\/fm-NextGeneration-018-1-scaled-1.jpeg","contentUrl":"https:\/\/farmermobil.com\/wp-content\/uploads\/2023\/01\/fm-NextGeneration-018-1-scaled-1.jpeg","width":2560,"height":1597},{"@type":"BreadcrumbList","@id":"https:\/\/farmermobil.com\/fr\/serie-fm-the-next-generation\/#breadcrumb","itemListElement":[{"@type":"ListItem","position":1,"name":"Startseite","item":"https:\/\/farmermobil.com\/"},{"@type":"ListItem","position":2,"name":"S\u00e9rie fm THE NEXT GENERATION"}]},{"@type":"WebSite","@id":"https:\/\/farmermobil.com\/#website","url":"https:\/\/farmermobil.com\/","name":"farmermobil GmbH","description":"farmermobil DER Mobilstall","publisher":{"@id":"https:\/\/farmermobil.com\/#organization"},"alternateName":"Mobilstall","potentialAction":[{"@type":"SearchAction","target":{"@type":"EntryPoint","urlTemplate":"https:\/\/farmermobil.com\/?s={search_term_string}"},"query-input":{"@type":"PropertyValueSpecification","valueRequired":true,"valueName":"search_term_string"}}],"inLanguage":"fr-FR"},{"@type":"Organization","@id":"https:\/\/farmermobil.com\/#organization","name":"farmermobil GmbH","url":"https:\/\/farmermobil.com\/","logo":{"@type":"ImageObject","inLanguage":"fr-FR","@id":"https:\/\/farmermobil.com\/#\/schema\/logo\/image\/","url":"https:\/\/farmermobil.com\/wp-content\/uploads\/2023\/05\/farmermobil-knallrot-ohne-huhn-ubereinander-1-e1683558691453.png","contentUrl":"https:\/\/farmermobil.com\/wp-content\/uploads\/2023\/05\/farmermobil-knallrot-ohne-huhn-ubereinander-1-e1683558691453.png","width":696,"height":696,"caption":"farmermobil GmbH"},"image":{"@id":"https:\/\/farmermobil.com\/#\/schema\/logo\/image\/"},"sameAs":["https:\/\/facebook.com\/farmermobil","https:\/\/instagram.com\/farmermobil"]},{"@type":"Person","@id":"https:\/\/farmermobil.com\/#\/schema\/person\/ba66aa6371a8ec6735c3332d49473ebc","name":"admin","image":{"@type":"ImageObject","inLanguage":"fr-FR","@id":"https:\/\/farmermobil.com\/#\/schema\/person\/image\/","url":"https:\/\/secure.gravatar.com\/avatar\/f7776314d4ec9943f48d729824b2783d235340a995f4dc6727856363e0cc8e5a?s=96&d=mm&r=g","contentUrl":"https:\/\/secure.gravatar.com\/avatar\/f7776314d4ec9943f48d729824b2783d235340a995f4dc6727856363e0cc8e5a?s=96&d=mm&r=g","caption":"admin"},"sameAs":["http:\/\/farmermobil.com"],"url":"https:\/\/farmermobil.com\/fr\/author\/admin-2\/"}]}},"_links":{"self":[{"href":"https:\/\/farmermobil.com\/fr\/wp-json\/wp\/v2\/posts\/9157","targetHints":{"allow":["GET"]}}],"collection":[{"href":"https:\/\/farmermobil.com\/fr\/wp-json\/wp\/v2\/posts"}],"about":[{"href":"https:\/\/farmermobil.com\/fr\/wp-json\/wp\/v2\/types\/post"}],"author":[{"embeddable":true,"href":"https:\/\/farmermobil.com\/fr\/wp-json\/wp\/v2\/users\/7"}],"replies":[{"embeddable":true,"href":"https:\/\/farmermobil.com\/fr\/wp-json\/wp\/v2\/comments?post=9157"}],"version-history":[{"count":1,"href":"https:\/\/farmermobil.com\/fr\/wp-json\/wp\/v2\/posts\/9157\/revisions"}],"predecessor-version":[{"id":9158,"href":"https:\/\/farmermobil.com\/fr\/wp-json\/wp\/v2\/posts\/9157\/revisions\/9158"}],"wp:featuredmedia":[{"embeddable":true,"href":"https:\/\/farmermobil.com\/fr\/wp-json\/wp\/v2\/media\/5474"}],"wp:attachment":[{"href":"https:\/\/farmermobil.com\/fr\/wp-json\/wp\/v2\/media?parent=9157"}],"wp:term":[{"taxonomy":"category","embeddable":true,"href":"https:\/\/farmermobil.com\/fr\/wp-json\/wp\/v2\/categories?post=9157"},{"taxonomy":"post_tag","embeddable":true,"href":"https:\/\/farmermobil.com\/fr\/wp-json\/wp\/v2\/tags?post=9157"}],"curies":[{"name":"wp","href":"https:\/\/api.w.org\/{rel}","templated":true}]}}