{"id":9155,"date":"2022-12-16T12:19:13","date_gmt":"2022-12-16T11:19:13","guid":{"rendered":"https:\/\/farmermobil.com\/la-nouvelle-extension-pour-la-serie-fm-de-farmermobil\/"},"modified":"2023-02-28T08:33:18","modified_gmt":"2023-02-28T07:33:18","slug":"la-nouvelle-extension-pour-la-serie-fm-de-farmermobil","status":"publish","type":"post","link":"https:\/\/farmermobil.com\/fr\/la-nouvelle-extension-pour-la-serie-fm-de-farmermobil\/","title":{"rendered":"La nouvelle extension pour la s\u00e9rie fm de farmermobil"},"content":{"rendered":"\n<h3 class=\"wp-block-heading\">Disponible d\u00e8s \u00e0 pr\u00e9sent!<\/h3>\n\n<p>La nouvelle <strong>extension<\/strong> de <strong>farmermobil<\/strong> pour notre s\u00e9rie fm. <strong>L\u2019extension<\/strong> est \u00e9galement <strong>homologu\u00e9e<\/strong> comme jardin d\u2019hiver pour <strong>KAT<\/strong> et <strong>Demeter!<\/strong><\/p>\n\n<hr class=\"wp-block-separator has-alpha-channel-opacity\"\/>\n\n<div class=\"wp-block-columns is-layout-flex wp-container-core-columns-is-layout-28f84493 wp-block-columns-is-layout-flex\">\n<div class=\"wp-block-column is-layout-flow wp-block-column-is-layout-flow\">\n<figure class=\"wp-block-image size-full\"><img fetchpriority=\"high\" decoding=\"async\" width=\"1024\" height=\"538\" src=\"https:\/\/farmermobil.com\/wp-content\/uploads\/2023\/01\/fm1300_Aufstallhilfe_wiese_v3-1024x538-1.jpeg\" alt=\"\" class=\"wp-image-566\" srcset=\"https:\/\/farmermobil.com\/wp-content\/uploads\/2023\/01\/fm1300_Aufstallhilfe_wiese_v3-1024x538-1.jpeg 1024w, https:\/\/farmermobil.com\/wp-content\/uploads\/2023\/01\/fm1300_Aufstallhilfe_wiese_v3-1024x538-1-300x158.jpeg 300w, https:\/\/farmermobil.com\/wp-content\/uploads\/2023\/01\/fm1300_Aufstallhilfe_wiese_v3-1024x538-1-768x404.jpeg 768w\" sizes=\"(max-width: 1024px) 100vw, 1024px\" \/><\/figure>\n<\/div>\n\n\n\n<div class=\"wp-block-column is-vertically-aligned-center is-layout-flow wp-block-column-is-layout-flow\">\n<p><strong>L\u2019extension<\/strong> de <strong>farmermobil<\/strong> est une zone s\u00e9par\u00e9e du <strong>poulailler<\/strong> chaud. <strong>Cette<\/strong> extension offre aux poules un espace <strong>suppl\u00e9mentaire<\/strong> en cas de <strong>confinement<\/strong> obligatoire.\u00a0Les poules <strong>b\u00e9n\u00e9ficient<\/strong> ainsi de plus de <strong>confort<\/strong> et d\u2019espace&#13;\npendant la p\u00e9riode de confinement, en particulier en cas <strong>d\u2019apparition<\/strong> de l\u2019influenza aviaire, <strong>\u00e9galement<\/strong> appel\u00e9e grippe aviaire ou peste <strong>aviaire.<\/strong> Elles disposent alors non seulement de plus d\u2019espace, mais <strong>aussi<\/strong> d\u2019air frais. Ainsi, le bien-\u00eatre des poules pendant une p\u00e9riode de <strong>confinement obligatoire<\/strong> est <strong>consid\u00e9rablement am\u00e9lior\u00e9!<\/strong><\/p>\n<\/div>\n<\/div>\n\n<div class=\"wp-block-columns is-layout-flex wp-container-core-columns-is-layout-28f84493 wp-block-columns-is-layout-flex\">\n<div class=\"wp-block-column is-layout-flow wp-block-column-is-layout-flow\">\n<p>Notre nouvelle <strong>extension<\/strong> pour la s\u00e9rie fm est <strong>directement<\/strong> reli\u00e9e au poulailler mobile. Les animaux ont un acc\u00e8s direct au jardin <strong>d\u2019hiver<\/strong> sans sol <strong>gr\u00e2ce<\/strong> aux trappes de sortie au sol. Le toit de <strong>l\u2019extension<\/strong> est dot\u00e9 d\u2019une b\u00e2che en PVC.&#13;\nLes poules sont ainsi tr\u00e8s bien prot\u00e9g\u00e9es. Le toit est \u00e9quip\u00e9 de trous <strong>d\u2019a\u00e9ration<\/strong> recouverts. Les faces <strong>frontales<\/strong> et les parois lat\u00e9rales <strong>sont constitu\u00e9es<\/strong> d\u2019un filet brise-vent perm\u00e9able \u00e0 la lumi\u00e8re et \u00e0 l\u2019air pour assurer un <strong>climat optimal.<\/strong> Des fermetures \u00e0 <strong>glissi\u00e8re<\/strong> situ\u00e9es sur les faces frontales <strong>permettent<\/strong> d\u2019acc\u00e9der \u00e0 cet espace.<\/p>\n<\/div>\n\n\n\n<div class=\"wp-block-column is-vertically-aligned-center is-layout-flow wp-block-column-is-layout-flow\">\n<figure class=\"wp-block-image size-full\"><img decoding=\"async\" width=\"1024\" height=\"683\" src=\"https:\/\/farmermobil.com\/wp-content\/uploads\/2023\/01\/fm1300_Aufstallhilfe_wiese-03_web-1024x683-1.jpeg\" alt=\"\" class=\"wp-image-570\" srcset=\"https:\/\/farmermobil.com\/wp-content\/uploads\/2023\/01\/fm1300_Aufstallhilfe_wiese-03_web-1024x683-1.jpeg 1024w, https:\/\/farmermobil.com\/wp-content\/uploads\/2023\/01\/fm1300_Aufstallhilfe_wiese-03_web-1024x683-1-300x200.jpeg 300w, https:\/\/farmermobil.com\/wp-content\/uploads\/2023\/01\/fm1300_Aufstallhilfe_wiese-03_web-1024x683-1-768x512.jpeg 768w\" sizes=\"(max-width: 1024px) 100vw, 1024px\" \/><\/figure>\n<\/div>\n<\/div>\n\n<div class=\"wp-block-columns is-layout-flex wp-container-core-columns-is-layout-28f84493 wp-block-columns-is-layout-flex\">\n<div class=\"wp-block-column is-layout-flow wp-block-column-is-layout-flow\">\n<figure class=\"wp-block-image size-full\"><img decoding=\"async\" width=\"1024\" height=\"683\" src=\"https:\/\/farmermobil.com\/wp-content\/uploads\/2023\/01\/fm1300_Aufstallhilfe_wiese-02_web-1024x683-1.jpeg\" alt=\"\" class=\"wp-image-568\" srcset=\"https:\/\/farmermobil.com\/wp-content\/uploads\/2023\/01\/fm1300_Aufstallhilfe_wiese-02_web-1024x683-1.jpeg 1024w, https:\/\/farmermobil.com\/wp-content\/uploads\/2023\/01\/fm1300_Aufstallhilfe_wiese-02_web-1024x683-1-300x200.jpeg 300w, https:\/\/farmermobil.com\/wp-content\/uploads\/2023\/01\/fm1300_Aufstallhilfe_wiese-02_web-1024x683-1-768x512.jpeg 768w\" sizes=\"(max-width: 1024px) 100vw, 1024px\" \/><\/figure>\n<\/div>\n\n\n\n<div class=\"wp-block-column is-vertically-aligned-center is-layout-flow wp-block-column-is-layout-flow\">\n<p>Comme <strong>toujours,<\/strong> la mobilit\u00e9 du poulailler et <strong>l\u2019utilisation<\/strong> efficace de la main-d\u2019\u0153uvre sont les lignes <strong>directrices<\/strong> de farmermobil pour le <strong>d\u00e9veloppement<\/strong> de <strong>nouveaux<\/strong> produits.\u00a0La nouvelle extension de <strong>farmermobil<\/strong> ne fait pas&#13;\nexception. Elle est tr\u00e8s <strong>facile<\/strong> \u00e0 monter et \u00e0 <strong>d\u00e9monter<\/strong> gr\u00e2ce \u00e0 sa conception en tubes et en cadres et \u00e0 ses rails d\u2019auvent. Elle peut ainsi \u00eatre <strong>utilis\u00e9e<\/strong> en fonction des <strong>besoins<\/strong> et \u00eatre \u00e9quip\u00e9e <strong>ult\u00e9rieurement.<\/strong> Le poulailler <strong>mobile<\/strong> peut \u00eatre d\u00e9plac\u00e9 tr\u00e8s <strong>facilement,<\/strong> m\u00eame lorsque l\u2019extension est fix\u00e9e. Si un sol imperm\u00e9able n\u2019est pas prescrit pour un <strong>jardin<\/strong> d\u2019hiver ou un espace <strong>climatique ext\u00e9rieur,<\/strong> l\u2019extension de <strong>farmermobil<\/strong> peut \u00eatre <strong>\u00e9galement<\/strong> utilis\u00e9e <strong>comme jardin<\/strong> d\u2019hiver ou espace climatique ext\u00e9rieur.<\/p>\n<\/div>\n<\/div>\n\n<div class=\"wp-block-buttons is-layout-flex wp-block-buttons-is-layout-flex\">\n<div class=\"wp-block-button\"><a class=\"wp-block-button__link wp-element-button\" href=\"https:\/\/farmermobil.com\/fr\/contact\/\" target=\"_blank\" rel=\"noreferrer noopener\">Tu es int\u00e9ress\u00e9(e) ?<\/a><\/div>\n<\/div>\n","protected":false},"excerpt":{"rendered":"<p>Disponible d\u00e8s \u00e0 pr\u00e9sent! La nouvelle extension de farmermobil pour notre s\u00e9rie fm. L\u2019extension est \u00e9galement homologu\u00e9e comme jardin d\u2019hiver pour KAT et Demeter! L\u2019extension de farmermobil est une zone s\u00e9par\u00e9e du poulailler chaud. Cette extension offre aux poules un espace suppl\u00e9mentaire en cas de confinement obligatoire.\u00a0Les poules b\u00e9n\u00e9ficient ainsi de plus de confort et [&hellip;]<\/p>\n","protected":false},"author":7,"featured_media":5470,"comment_status":"open","ping_status":"open","sticky":false,"template":"","format":"standard","meta":{"_acf_changed":false,"content-type":"","footnotes":""},"categories":[47],"tags":[],"class_list":["post-9155","post","type-post","status-publish","format-standard","has-post-thumbnail","hentry","category-actualites"],"acf":[],"yoast_head":"<!-- This site is optimized with the Yoast SEO Premium plugin v26.3 (Yoast SEO v26.3) - https:\/\/yoast.com\/wordpress\/plugins\/seo\/ -->\n<title>La nouvelle extension pour la s\u00e9rie fm de farmermobil - farmermobil GmbH<\/title>\n<meta name=\"robots\" content=\"index, follow, max-snippet:-1, max-image-preview:large, max-video-preview:-1\" \/>\n<link rel=\"canonical\" href=\"https:\/\/farmermobil.com\/fr\/la-nouvelle-extension-pour-la-serie-fm-de-farmermobil\/\" \/>\n<meta property=\"og:locale\" content=\"fr_FR\" \/>\n<meta property=\"og:type\" content=\"article\" \/>\n<meta property=\"og:title\" content=\"La nouvelle extension pour la s\u00e9rie fm de farmermobil\" \/>\n<meta property=\"og:description\" content=\"Disponible d\u00e8s \u00e0 pr\u00e9sent! La nouvelle extension de farmermobil pour notre s\u00e9rie fm. L\u2019extension est \u00e9galement homologu\u00e9e comme jardin d\u2019hiver pour KAT et Demeter! L\u2019extension de farmermobil est une zone s\u00e9par\u00e9e du poulailler chaud. Cette extension offre aux poules un espace suppl\u00e9mentaire en cas de confinement obligatoire.\u00a0Les poules b\u00e9n\u00e9ficient ainsi de plus de confort et [&hellip;]\" \/>\n<meta property=\"og:url\" content=\"https:\/\/farmermobil.com\/fr\/la-nouvelle-extension-pour-la-serie-fm-de-farmermobil\/\" \/>\n<meta property=\"og:site_name\" content=\"farmermobil GmbH\" \/>\n<meta property=\"article:publisher\" content=\"https:\/\/facebook.com\/farmermobil\" \/>\n<meta property=\"article:published_time\" content=\"2022-12-16T11:19:13+00:00\" \/>\n<meta property=\"article:modified_time\" content=\"2023-02-28T07:33:18+00:00\" \/>\n<meta property=\"og:image\" content=\"https:\/\/farmermobil.com\/wp-content\/uploads\/2023\/01\/Banner_beitrag_website.jpeg\" \/>\n\t<meta property=\"og:image:width\" content=\"2292\" \/>\n\t<meta property=\"og:image:height\" content=\"771\" \/>\n\t<meta property=\"og:image:type\" content=\"image\/jpeg\" \/>\n<meta name=\"author\" content=\"admin\" \/>\n<meta name=\"twitter:card\" content=\"summary_large_image\" \/>\n<meta name=\"twitter:label1\" content=\"\u00c9crit par\" \/>\n\t<meta name=\"twitter:data1\" content=\"admin\" \/>\n\t<meta name=\"twitter:label2\" content=\"Dur\u00e9e de lecture estim\u00e9e\" \/>\n\t<meta name=\"twitter:data2\" content=\"2 minutes\" \/>\n<script type=\"application\/ld+json\" class=\"yoast-schema-graph\">{\"@context\":\"https:\/\/schema.org\",\"@graph\":[{\"@type\":\"Article\",\"@id\":\"https:\/\/farmermobil.com\/fr\/la-nouvelle-extension-pour-la-serie-fm-de-farmermobil\/#article\",\"isPartOf\":{\"@id\":\"https:\/\/farmermobil.com\/fr\/la-nouvelle-extension-pour-la-serie-fm-de-farmermobil\/\"},\"author\":{\"name\":\"admin\",\"@id\":\"https:\/\/farmermobil.com\/#\/schema\/person\/ba66aa6371a8ec6735c3332d49473ebc\"},\"headline\":\"La nouvelle extension pour la s\u00e9rie fm de farmermobil\",\"datePublished\":\"2022-12-16T11:19:13+00:00\",\"dateModified\":\"2023-02-28T07:33:18+00:00\",\"mainEntityOfPage\":{\"@id\":\"https:\/\/farmermobil.com\/fr\/la-nouvelle-extension-pour-la-serie-fm-de-farmermobil\/\"},\"wordCount\":384,\"commentCount\":0,\"publisher\":{\"@id\":\"https:\/\/farmermobil.com\/#organization\"},\"image\":{\"@id\":\"https:\/\/farmermobil.com\/fr\/la-nouvelle-extension-pour-la-serie-fm-de-farmermobil\/#primaryimage\"},\"thumbnailUrl\":\"https:\/\/farmermobil.com\/wp-content\/uploads\/2023\/01\/Banner_beitrag_website.jpeg\",\"articleSection\":[\"Actualit\u00e9s\"],\"inLanguage\":\"fr-FR\",\"potentialAction\":[{\"@type\":\"CommentAction\",\"name\":\"Comment\",\"target\":[\"https:\/\/farmermobil.com\/fr\/la-nouvelle-extension-pour-la-serie-fm-de-farmermobil\/#respond\"]}]},{\"@type\":\"WebPage\",\"@id\":\"https:\/\/farmermobil.com\/fr\/la-nouvelle-extension-pour-la-serie-fm-de-farmermobil\/\",\"url\":\"https:\/\/farmermobil.com\/fr\/la-nouvelle-extension-pour-la-serie-fm-de-farmermobil\/\",\"name\":\"La nouvelle extension pour la s\u00e9rie fm de farmermobil - farmermobil GmbH\",\"isPartOf\":{\"@id\":\"https:\/\/farmermobil.com\/#website\"},\"primaryImageOfPage\":{\"@id\":\"https:\/\/farmermobil.com\/fr\/la-nouvelle-extension-pour-la-serie-fm-de-farmermobil\/#primaryimage\"},\"image\":{\"@id\":\"https:\/\/farmermobil.com\/fr\/la-nouvelle-extension-pour-la-serie-fm-de-farmermobil\/#primaryimage\"},\"thumbnailUrl\":\"https:\/\/farmermobil.com\/wp-content\/uploads\/2023\/01\/Banner_beitrag_website.jpeg\",\"datePublished\":\"2022-12-16T11:19:13+00:00\",\"dateModified\":\"2023-02-28T07:33:18+00:00\",\"breadcrumb\":{\"@id\":\"https:\/\/farmermobil.com\/fr\/la-nouvelle-extension-pour-la-serie-fm-de-farmermobil\/#breadcrumb\"},\"inLanguage\":\"fr-FR\",\"potentialAction\":[{\"@type\":\"ReadAction\",\"target\":[\"https:\/\/farmermobil.com\/fr\/la-nouvelle-extension-pour-la-serie-fm-de-farmermobil\/\"]}]},{\"@type\":\"ImageObject\",\"inLanguage\":\"fr-FR\",\"@id\":\"https:\/\/farmermobil.com\/fr\/la-nouvelle-extension-pour-la-serie-fm-de-farmermobil\/#primaryimage\",\"url\":\"https:\/\/farmermobil.com\/wp-content\/uploads\/2023\/01\/Banner_beitrag_website.jpeg\",\"contentUrl\":\"https:\/\/farmermobil.com\/wp-content\/uploads\/2023\/01\/Banner_beitrag_website.jpeg\",\"width\":2292,\"height\":771},{\"@type\":\"BreadcrumbList\",\"@id\":\"https:\/\/farmermobil.com\/fr\/la-nouvelle-extension-pour-la-serie-fm-de-farmermobil\/#breadcrumb\",\"itemListElement\":[{\"@type\":\"ListItem\",\"position\":1,\"name\":\"Startseite\",\"item\":\"https:\/\/farmermobil.com\/\"},{\"@type\":\"ListItem\",\"position\":2,\"name\":\"La nouvelle extension pour la s\u00e9rie fm de farmermobil\"}]},{\"@type\":\"WebSite\",\"@id\":\"https:\/\/farmermobil.com\/#website\",\"url\":\"https:\/\/farmermobil.com\/\",\"name\":\"farmermobil GmbH\",\"description\":\"farmermobil DER Mobilstall\",\"publisher\":{\"@id\":\"https:\/\/farmermobil.com\/#organization\"},\"alternateName\":\"Mobilstall\",\"potentialAction\":[{\"@type\":\"SearchAction\",\"target\":{\"@type\":\"EntryPoint\",\"urlTemplate\":\"https:\/\/farmermobil.com\/?s={search_term_string}\"},\"query-input\":{\"@type\":\"PropertyValueSpecification\",\"valueRequired\":true,\"valueName\":\"search_term_string\"}}],\"inLanguage\":\"fr-FR\"},{\"@type\":\"Organization\",\"@id\":\"https:\/\/farmermobil.com\/#organization\",\"name\":\"farmermobil GmbH\",\"url\":\"https:\/\/farmermobil.com\/\",\"logo\":{\"@type\":\"ImageObject\",\"inLanguage\":\"fr-FR\",\"@id\":\"https:\/\/farmermobil.com\/#\/schema\/logo\/image\/\",\"url\":\"https:\/\/farmermobil.com\/wp-content\/uploads\/2023\/05\/farmermobil-knallrot-ohne-huhn-ubereinander-1-e1683558691453.png\",\"contentUrl\":\"https:\/\/farmermobil.com\/wp-content\/uploads\/2023\/05\/farmermobil-knallrot-ohne-huhn-ubereinander-1-e1683558691453.png\",\"width\":696,\"height\":696,\"caption\":\"farmermobil GmbH\"},\"image\":{\"@id\":\"https:\/\/farmermobil.com\/#\/schema\/logo\/image\/\"},\"sameAs\":[\"https:\/\/facebook.com\/farmermobil\",\"https:\/\/instagram.com\/farmermobil\"]},{\"@type\":\"Person\",\"@id\":\"https:\/\/farmermobil.com\/#\/schema\/person\/ba66aa6371a8ec6735c3332d49473ebc\",\"name\":\"admin\",\"image\":{\"@type\":\"ImageObject\",\"inLanguage\":\"fr-FR\",\"@id\":\"https:\/\/farmermobil.com\/#\/schema\/person\/image\/\",\"url\":\"https:\/\/secure.gravatar.com\/avatar\/f7776314d4ec9943f48d729824b2783d235340a995f4dc6727856363e0cc8e5a?s=96&d=mm&r=g\",\"contentUrl\":\"https:\/\/secure.gravatar.com\/avatar\/f7776314d4ec9943f48d729824b2783d235340a995f4dc6727856363e0cc8e5a?s=96&d=mm&r=g\",\"caption\":\"admin\"},\"sameAs\":[\"http:\/\/farmermobil.com\"],\"url\":\"https:\/\/farmermobil.com\/fr\/author\/admin-2\/\"}]}<\/script>\n<!-- \/ Yoast SEO Premium plugin. -->","yoast_head_json":{"title":"La nouvelle extension pour la s\u00e9rie fm de farmermobil - farmermobil GmbH","robots":{"index":"index","follow":"follow","max-snippet":"max-snippet:-1","max-image-preview":"max-image-preview:large","max-video-preview":"max-video-preview:-1"},"canonical":"https:\/\/farmermobil.com\/fr\/la-nouvelle-extension-pour-la-serie-fm-de-farmermobil\/","og_locale":"fr_FR","og_type":"article","og_title":"La nouvelle extension pour la s\u00e9rie fm de farmermobil","og_description":"Disponible d\u00e8s \u00e0 pr\u00e9sent! La nouvelle extension de farmermobil pour notre s\u00e9rie fm. L\u2019extension est \u00e9galement homologu\u00e9e comme jardin d\u2019hiver pour KAT et Demeter! L\u2019extension de farmermobil est une zone s\u00e9par\u00e9e du poulailler chaud. Cette extension offre aux poules un espace suppl\u00e9mentaire en cas de confinement obligatoire.\u00a0Les poules b\u00e9n\u00e9ficient ainsi de plus de confort et [&hellip;]","og_url":"https:\/\/farmermobil.com\/fr\/la-nouvelle-extension-pour-la-serie-fm-de-farmermobil\/","og_site_name":"farmermobil GmbH","article_publisher":"https:\/\/facebook.com\/farmermobil","article_published_time":"2022-12-16T11:19:13+00:00","article_modified_time":"2023-02-28T07:33:18+00:00","og_image":[{"width":2292,"height":771,"url":"https:\/\/farmermobil.com\/wp-content\/uploads\/2023\/01\/Banner_beitrag_website.jpeg","type":"image\/jpeg"}],"author":"admin","twitter_card":"summary_large_image","twitter_misc":{"\u00c9crit par":"admin","Dur\u00e9e de lecture estim\u00e9e":"2 minutes"},"schema":{"@context":"https:\/\/schema.org","@graph":[{"@type":"Article","@id":"https:\/\/farmermobil.com\/fr\/la-nouvelle-extension-pour-la-serie-fm-de-farmermobil\/#article","isPartOf":{"@id":"https:\/\/farmermobil.com\/fr\/la-nouvelle-extension-pour-la-serie-fm-de-farmermobil\/"},"author":{"name":"admin","@id":"https:\/\/farmermobil.com\/#\/schema\/person\/ba66aa6371a8ec6735c3332d49473ebc"},"headline":"La nouvelle extension pour la s\u00e9rie fm de farmermobil","datePublished":"2022-12-16T11:19:13+00:00","dateModified":"2023-02-28T07:33:18+00:00","mainEntityOfPage":{"@id":"https:\/\/farmermobil.com\/fr\/la-nouvelle-extension-pour-la-serie-fm-de-farmermobil\/"},"wordCount":384,"commentCount":0,"publisher":{"@id":"https:\/\/farmermobil.com\/#organization"},"image":{"@id":"https:\/\/farmermobil.com\/fr\/la-nouvelle-extension-pour-la-serie-fm-de-farmermobil\/#primaryimage"},"thumbnailUrl":"https:\/\/farmermobil.com\/wp-content\/uploads\/2023\/01\/Banner_beitrag_website.jpeg","articleSection":["Actualit\u00e9s"],"inLanguage":"fr-FR","potentialAction":[{"@type":"CommentAction","name":"Comment","target":["https:\/\/farmermobil.com\/fr\/la-nouvelle-extension-pour-la-serie-fm-de-farmermobil\/#respond"]}]},{"@type":"WebPage","@id":"https:\/\/farmermobil.com\/fr\/la-nouvelle-extension-pour-la-serie-fm-de-farmermobil\/","url":"https:\/\/farmermobil.com\/fr\/la-nouvelle-extension-pour-la-serie-fm-de-farmermobil\/","name":"La nouvelle extension pour la s\u00e9rie fm de farmermobil - farmermobil GmbH","isPartOf":{"@id":"https:\/\/farmermobil.com\/#website"},"primaryImageOfPage":{"@id":"https:\/\/farmermobil.com\/fr\/la-nouvelle-extension-pour-la-serie-fm-de-farmermobil\/#primaryimage"},"image":{"@id":"https:\/\/farmermobil.com\/fr\/la-nouvelle-extension-pour-la-serie-fm-de-farmermobil\/#primaryimage"},"thumbnailUrl":"https:\/\/farmermobil.com\/wp-content\/uploads\/2023\/01\/Banner_beitrag_website.jpeg","datePublished":"2022-12-16T11:19:13+00:00","dateModified":"2023-02-28T07:33:18+00:00","breadcrumb":{"@id":"https:\/\/farmermobil.com\/fr\/la-nouvelle-extension-pour-la-serie-fm-de-farmermobil\/#breadcrumb"},"inLanguage":"fr-FR","potentialAction":[{"@type":"ReadAction","target":["https:\/\/farmermobil.com\/fr\/la-nouvelle-extension-pour-la-serie-fm-de-farmermobil\/"]}]},{"@type":"ImageObject","inLanguage":"fr-FR","@id":"https:\/\/farmermobil.com\/fr\/la-nouvelle-extension-pour-la-serie-fm-de-farmermobil\/#primaryimage","url":"https:\/\/farmermobil.com\/wp-content\/uploads\/2023\/01\/Banner_beitrag_website.jpeg","contentUrl":"https:\/\/farmermobil.com\/wp-content\/uploads\/2023\/01\/Banner_beitrag_website.jpeg","width":2292,"height":771},{"@type":"BreadcrumbList","@id":"https:\/\/farmermobil.com\/fr\/la-nouvelle-extension-pour-la-serie-fm-de-farmermobil\/#breadcrumb","itemListElement":[{"@type":"ListItem","position":1,"name":"Startseite","item":"https:\/\/farmermobil.com\/"},{"@type":"ListItem","position":2,"name":"La nouvelle extension pour la s\u00e9rie fm de farmermobil"}]},{"@type":"WebSite","@id":"https:\/\/farmermobil.com\/#website","url":"https:\/\/farmermobil.com\/","name":"farmermobil GmbH","description":"farmermobil DER Mobilstall","publisher":{"@id":"https:\/\/farmermobil.com\/#organization"},"alternateName":"Mobilstall","potentialAction":[{"@type":"SearchAction","target":{"@type":"EntryPoint","urlTemplate":"https:\/\/farmermobil.com\/?s={search_term_string}"},"query-input":{"@type":"PropertyValueSpecification","valueRequired":true,"valueName":"search_term_string"}}],"inLanguage":"fr-FR"},{"@type":"Organization","@id":"https:\/\/farmermobil.com\/#organization","name":"farmermobil GmbH","url":"https:\/\/farmermobil.com\/","logo":{"@type":"ImageObject","inLanguage":"fr-FR","@id":"https:\/\/farmermobil.com\/#\/schema\/logo\/image\/","url":"https:\/\/farmermobil.com\/wp-content\/uploads\/2023\/05\/farmermobil-knallrot-ohne-huhn-ubereinander-1-e1683558691453.png","contentUrl":"https:\/\/farmermobil.com\/wp-content\/uploads\/2023\/05\/farmermobil-knallrot-ohne-huhn-ubereinander-1-e1683558691453.png","width":696,"height":696,"caption":"farmermobil GmbH"},"image":{"@id":"https:\/\/farmermobil.com\/#\/schema\/logo\/image\/"},"sameAs":["https:\/\/facebook.com\/farmermobil","https:\/\/instagram.com\/farmermobil"]},{"@type":"Person","@id":"https:\/\/farmermobil.com\/#\/schema\/person\/ba66aa6371a8ec6735c3332d49473ebc","name":"admin","image":{"@type":"ImageObject","inLanguage":"fr-FR","@id":"https:\/\/farmermobil.com\/#\/schema\/person\/image\/","url":"https:\/\/secure.gravatar.com\/avatar\/f7776314d4ec9943f48d729824b2783d235340a995f4dc6727856363e0cc8e5a?s=96&d=mm&r=g","contentUrl":"https:\/\/secure.gravatar.com\/avatar\/f7776314d4ec9943f48d729824b2783d235340a995f4dc6727856363e0cc8e5a?s=96&d=mm&r=g","caption":"admin"},"sameAs":["http:\/\/farmermobil.com"],"url":"https:\/\/farmermobil.com\/fr\/author\/admin-2\/"}]}},"_links":{"self":[{"href":"https:\/\/farmermobil.com\/fr\/wp-json\/wp\/v2\/posts\/9155","targetHints":{"allow":["GET"]}}],"collection":[{"href":"https:\/\/farmermobil.com\/fr\/wp-json\/wp\/v2\/posts"}],"about":[{"href":"https:\/\/farmermobil.com\/fr\/wp-json\/wp\/v2\/types\/post"}],"author":[{"embeddable":true,"href":"https:\/\/farmermobil.com\/fr\/wp-json\/wp\/v2\/users\/7"}],"replies":[{"embeddable":true,"href":"https:\/\/farmermobil.com\/fr\/wp-json\/wp\/v2\/comments?post=9155"}],"version-history":[{"count":1,"href":"https:\/\/farmermobil.com\/fr\/wp-json\/wp\/v2\/posts\/9155\/revisions"}],"predecessor-version":[{"id":9156,"href":"https:\/\/farmermobil.com\/fr\/wp-json\/wp\/v2\/posts\/9155\/revisions\/9156"}],"wp:featuredmedia":[{"embeddable":true,"href":"https:\/\/farmermobil.com\/fr\/wp-json\/wp\/v2\/media\/5470"}],"wp:attachment":[{"href":"https:\/\/farmermobil.com\/fr\/wp-json\/wp\/v2\/media?parent=9155"}],"wp:term":[{"taxonomy":"category","embeddable":true,"href":"https:\/\/farmermobil.com\/fr\/wp-json\/wp\/v2\/categories?post=9155"},{"taxonomy":"post_tag","embeddable":true,"href":"https:\/\/farmermobil.com\/fr\/wp-json\/wp\/v2\/tags?post=9155"}],"curies":[{"name":"wp","href":"https:\/\/api.w.org\/{rel}","templated":true}]}}