{"id":677,"date":"2022-10-24T15:26:03","date_gmt":"2022-10-24T14:26:03","guid":{"rendered":"http:\/\/web.farmermobil.com\/?p=677"},"modified":"2023-05-04T14:34:07","modified_gmt":"2023-05-04T13:34:07","slug":"fm-serie-the-next-generation","status":"publish","type":"post","link":"https:\/\/farmermobil.com\/de\/fm-serie-the-next-generation\/","title":{"rendered":"fm-Serie  \u2013 THE NEXT GENERATION"},"content":{"rendered":"\n<p><strong>Aus der Landwirtschaft, f\u00fcr die Landwirtschaft.<\/strong><\/p>\n\n\n\n<p>In enger Zusammenarbeit mit unseren Kunden haben wir unsere fm-Serie weiterentwickelt. Wir haben viele Ideen gesammelt und aus der Praxis gelernt. Am 15.09.2022 wurde nun der erste Prototyp der neuen fm-Serie ausgeliefert. In den n\u00e4chsten Monaten wird dieser ausgiebig mit Tierbesatz getestet. Anhand der Testergebnisse wird daraus das Serienfahrzeug f\u00fcr die neue fm-Serie entwickelt. Anfang 2023 wird der neue fm dann verf\u00fcgbar sein.<\/p>\n\n\n\n<p><strong>Und das Beste? Wir machen f\u00fcr euch schon bald Vorortbesuche m\u00f6glich!<\/strong><\/p>\n\n\n\n<p><strong>Wenn Du Interesse hast, melde Dich gerne bei deinem Ansprechpartner oder hier:<\/strong><\/p>\n\n\n\n<div class=\"wp-block-buttons is-layout-flex wp-block-buttons-is-layout-flex\">\n<div class=\"wp-block-button\"><a class=\"wp-block-button__link wp-element-button\">Kontakt zu uns<\/a><\/div>\n<\/div>\n\n\n\n<h2 class=\"wp-block-heading\">Was ist neu?<\/h2>\n\n\n\n<div class=\"wp-block-columns is-layout-flex wp-container-core-columns-is-layout-28f84493 wp-block-columns-is-layout-flex\">\n<div class=\"wp-block-column is-layout-flow wp-block-column-is-layout-flow\">\n<h3 class=\"wp-block-heading\">L\u00fcftung<\/h3>\n\n\n\n<p>In den letzten Monaten haben wir unsere fm-Serie komplett neu entwickelt. Aber was ist neu? Wir haben ein neuartiges L\u00fcftungskonzept u.a. mit einer Dachentl\u00fcftung \u00fcber Abluftkamine entwickelt. Dies sorgt f\u00fcr ein wesentlich besseres Stallklima. Die Lichtb\u00e4nder in den Seitenkisten sind zugleich auch die automatisch gesteuerten Zuluftelemente. Sie sorgen nicht nur f\u00fcr eine verbesserte L\u00fcftung, sondern auch f\u00fcr eine gleichm\u00e4\u00dfigere Lichtverteilung im Stall. Wenn die freie L\u00fcftung nicht ausreicht, werden temperaturgesteuert kr\u00e4ftige L\u00fcfter in den Abluftkaminen zugeschaltet.<\/p>\n<\/div>\n\n\n\n<div class=\"wp-block-column is-layout-flow wp-block-column-is-layout-flow\">\n<figure class=\"wp-block-gallery has-nested-images columns-default is-cropped wp-block-gallery-1 is-layout-flex wp-block-gallery-is-layout-flex\">\n<figure class=\"wp-block-image size-large\"><img fetchpriority=\"high\" decoding=\"async\" width=\"1024\" height=\"683\" data-id=\"680\" src=\"https:\/\/farmermobil.com\/wp-content\/uploads\/2023\/01\/fm-NextGeneration-011-1024x683-1.jpeg\" alt=\"\" class=\"wp-image-680\" srcset=\"https:\/\/farmermobil.com\/wp-content\/uploads\/2023\/01\/fm-NextGeneration-011-1024x683-1.jpeg 1024w, https:\/\/farmermobil.com\/wp-content\/uploads\/2023\/01\/fm-NextGeneration-011-1024x683-1-300x200.jpeg 300w, https:\/\/farmermobil.com\/wp-content\/uploads\/2023\/01\/fm-NextGeneration-011-1024x683-1-768x512.jpeg 768w\" sizes=\"(max-width: 1024px) 100vw, 1024px\" \/><\/figure>\n<\/figure>\n<\/div>\n<\/div>\n\n\n\n<figure class=\"wp-block-image aligncenter size-full is-resized\"><img decoding=\"async\" src=\"https:\/\/farmermobil.com\/wp-content\/uploads\/2023\/01\/fm-NextGeneration-019-1024x580-1.jpeg\" alt=\"\" class=\"wp-image-1665\" width=\"1024\" height=\"580\" srcset=\"https:\/\/farmermobil.com\/wp-content\/uploads\/2023\/01\/fm-NextGeneration-019-1024x580-1.jpeg 1024w, https:\/\/farmermobil.com\/wp-content\/uploads\/2023\/01\/fm-NextGeneration-019-1024x580-1-300x170.jpeg 300w, https:\/\/farmermobil.com\/wp-content\/uploads\/2023\/01\/fm-NextGeneration-019-1024x580-1-768x435.jpeg 768w\" sizes=\"(max-width: 1024px) 100vw, 1024px\" \/><\/figure>\n\n\n\n<div style=\"height:100px\" aria-hidden=\"true\" class=\"wp-block-spacer\"><\/div>\n\n\n\n<div class=\"wp-block-columns are-vertically-aligned-center is-layout-flex wp-container-core-columns-is-layout-28f84493 wp-block-columns-is-layout-flex\">\n<div class=\"wp-block-column is-vertically-aligned-center is-layout-flow wp-block-column-is-layout-flow\" style=\"flex-basis:33.33%\">\n<figure class=\"wp-block-image size-full\"><img decoding=\"async\" width=\"1024\" height=\"713\" src=\"https:\/\/farmermobil.com\/wp-content\/uploads\/2023\/01\/fm-NextGeneration-007-1024x713-1.jpeg\" alt=\"\" class=\"wp-image-1668\" srcset=\"https:\/\/farmermobil.com\/wp-content\/uploads\/2023\/01\/fm-NextGeneration-007-1024x713-1.jpeg 1024w, https:\/\/farmermobil.com\/wp-content\/uploads\/2023\/01\/fm-NextGeneration-007-1024x713-1-300x209.jpeg 300w, https:\/\/farmermobil.com\/wp-content\/uploads\/2023\/01\/fm-NextGeneration-007-1024x713-1-768x535.jpeg 768w\" sizes=\"(max-width: 1024px) 100vw, 1024px\" \/><\/figure>\n<\/div>\n\n\n\n<div class=\"wp-block-column is-vertically-aligned-center is-layout-flow wp-block-column-is-layout-flow\" style=\"flex-basis:66.66%\">\n<h3 class=\"wp-block-heading\">Auslaufklappen<\/h3>\n\n\n\n<p>Dazu kommen seitliche Auslaufklappen, die die begehbare Nutzfl\u00e4che vergr\u00f6\u00dfern und den Schmutzeintrag durch Hennen dank Zugang \u00fcber Gitterrampen verringern. Die Gitterrampen lassen sich einfach und schnell hochklappen. Das Versetzen des fms geht einfach und schnell.<\/p>\n<\/div>\n<\/div>\n\n\n\n<hr class=\"wp-block-separator has-alpha-channel-opacity\"\/>\n\n\n\n<div class=\"wp-block-columns is-layout-flex wp-container-core-columns-is-layout-28f84493 wp-block-columns-is-layout-flex\">\n<div class=\"wp-block-column is-layout-flow wp-block-column-is-layout-flow\">\n<h3 class=\"wp-block-heading\">Legenester<\/h3>\n\n\n\n<p>Auch bei den Legenestern hat sich etwas getan! Die neue Generation der fm-Serie verf\u00fcgt \u00fcber Doppelbodennester in den Seitenkisten und zwei Entnahmestellen in komplett isolierten Vorr\u00e4umen. Diese k\u00f6nnen auch als Hygieneschleuse genutzt werden. Damit ist die Voliere von beiden Seiten zug\u00e4nglich und besser einsehbar. Nun ist in der Voliere auch Platz f\u00fcr eine gefaltete Futterlinie und die Quertr\u00f6ge entfallen komplett. Die Sichtkontrolle, die Stallreinigung und das Ausstallen werden somit wesentlich einfacher!<\/p>\n<\/div>\n\n\n\n<div class=\"wp-block-column is-layout-flow wp-block-column-is-layout-flow\">\n<figure class=\"wp-block-image size-full is-resized\"><img loading=\"lazy\" decoding=\"async\" src=\"https:\/\/farmermobil.com\/wp-content\/uploads\/2023\/01\/fm-NextGeneration-001-komp-1024x683-1.jpeg\" alt=\"\" class=\"wp-image-1670\" width=\"410\" height=\"273\" srcset=\"https:\/\/farmermobil.com\/wp-content\/uploads\/2023\/01\/fm-NextGeneration-001-komp-1024x683-1.jpeg 1024w, https:\/\/farmermobil.com\/wp-content\/uploads\/2023\/01\/fm-NextGeneration-001-komp-1024x683-1-300x200.jpeg 300w, https:\/\/farmermobil.com\/wp-content\/uploads\/2023\/01\/fm-NextGeneration-001-komp-1024x683-1-768x512.jpeg 768w\" sizes=\"(max-width: 410px) 100vw, 410px\" \/><\/figure>\n<\/div>\n<\/div>\n\n\n\n<h3 class=\"wp-block-heading\">Steuerung<\/h3>\n\n\n\n<p>Der Schaltschrank und die Steuerung befinden sich nicht mehr im Technikraum, sondern ist nun leicht zug\u00e4nglich und vor Staub aus dem Stall gesch\u00fctzt im Vorraum zu finden. Dadurch ist auch der Technikraum viel einfacher begehbar. Auch die neue Generation der fm-Serie kommt bereits in der Standardausf\u00fchrung mit dem Remote-Zugang f\u00fcr mobile Endger\u00e4te und einem Fernzugriff f\u00fcr unsere Servicetechniker.<\/p>\n\n\n\n<p>In Zukunft wird auch eine Einbindung in die Bankiva-App m\u00f6glich. Die L\u00fcftungssteuerung wurde komplett neu konzipiert.<\/p>\n\n\n\n<hr class=\"wp-block-separator has-alpha-channel-opacity\"\/>\n\n\n\n<div class=\"wp-block-columns is-layout-flex wp-container-core-columns-is-layout-28f84493 wp-block-columns-is-layout-flex\">\n<div class=\"wp-block-column is-layout-flow wp-block-column-is-layout-flow\">\n<h3 class=\"wp-block-heading\">Hydraulische St\u00fctzf\u00fc\u00dfe machen Positionierung an Hanglage m\u00f6glich<\/h3>\n\n\n\n<p>Das neue Unterflurhydraulik-Hubsystem mit automatischer Nivellierung erm\u00f6glicht einen H\u00f6henausglich bis zu 70 cm (in der Serie als Zusatzoption). Mit dem vollautomatischen Nivellierungssystem kann eine Zielposition angelernt werden, zum Beispiel komplett in Waage oder auch mit einem ganz leichten Gef\u00e4lle in Richtung Eientnahme. Zum Versetzen des Stalls werden die St\u00fctzen eingefahren und an der neuen Position f\u00e4hrt der Stall auf Knopfdruck in die angelernte Position. So einfach war das Versetzen unserer Mobilst\u00e4lle noch nie!<\/p>\n<\/div>\n\n\n\n<div class=\"wp-block-column is-vertically-aligned-center is-layout-flow wp-block-column-is-layout-flow\">\n<figure class=\"wp-block-image size-full is-resized\"><img loading=\"lazy\" decoding=\"async\" src=\"https:\/\/farmermobil.com\/wp-content\/uploads\/2023\/01\/fm-NextGeneration-005-komp-1024x657-1.jpeg\" alt=\"\" class=\"wp-image-1673\" width=\"458\" height=\"293\" srcset=\"https:\/\/farmermobil.com\/wp-content\/uploads\/2023\/01\/fm-NextGeneration-005-komp-1024x657-1.jpeg 1024w, https:\/\/farmermobil.com\/wp-content\/uploads\/2023\/01\/fm-NextGeneration-005-komp-1024x657-1-300x192.jpeg 300w, https:\/\/farmermobil.com\/wp-content\/uploads\/2023\/01\/fm-NextGeneration-005-komp-1024x657-1-768x493.jpeg 768w\" sizes=\"(max-width: 458px) 100vw, 458px\" \/><\/figure>\n<\/div>\n<\/div>\n\n\n\n<div class=\"wp-block-columns is-layout-flex wp-container-core-columns-is-layout-28f84493 wp-block-columns-is-layout-flex\">\n<div class=\"wp-block-column is-vertically-aligned-center is-layout-flow wp-block-column-is-layout-flow\">\n<figure class=\"wp-block-image size-full is-resized\"><img loading=\"lazy\" decoding=\"async\" src=\"https:\/\/farmermobil.com\/wp-content\/uploads\/2023\/01\/fm-NextGeneration-009-1024x683-1.jpeg\" alt=\"\" class=\"wp-image-1676\" width=\"381\" height=\"254\" srcset=\"https:\/\/farmermobil.com\/wp-content\/uploads\/2023\/01\/fm-NextGeneration-009-1024x683-1.jpeg 1024w, https:\/\/farmermobil.com\/wp-content\/uploads\/2023\/01\/fm-NextGeneration-009-1024x683-1-300x200.jpeg 300w, https:\/\/farmermobil.com\/wp-content\/uploads\/2023\/01\/fm-NextGeneration-009-1024x683-1-768x512.jpeg 768w\" sizes=\"(max-width: 381px) 100vw, 381px\" \/><\/figure>\n<\/div>\n\n\n\n<div class=\"wp-block-column is-vertically-aligned-center is-layout-flow wp-block-column-is-layout-flow\">\n<h2 class=\"wp-block-heading\">Futter und Wasser<\/h2>\n\n\n\n<p>Durch den gewonnenen Platz in der Voliere steht den Legehennen eine zus\u00e4tzliche Wasserlinie in der unteren Ebene zur Verf\u00fcgung. Die Futterlinie ist nun komplett ohne Quertr\u00f6ge verbaut und zus\u00e4tzliche Sitzstangen bieten den Legehennen mehr Komfort.<\/p>\n<\/div>\n<\/div>\n\n\n\n<hr class=\"wp-block-separator has-alpha-channel-opacity\"\/>\n\n\n\n<h3 class=\"wp-block-heading\">Neues bei der aktuellen fm-Generation<\/h3>\n\n\n\n<p>Aber auch unsere aktuelle fm-Generation geh\u00f6rt damit noch lange nicht zum alten Eisen. Viele der Neuentwicklungen f\u00fcr die n\u00e4chste fm-Generation k\u00f6nnen wir auch f\u00fcr die aktuellen fm-Serie anbieten. Dazu geh\u00f6ren die seitlichen Auslaufklappen, die Lichtb\u00e4nder als automatisch gesteuerte Zuluftelemente sowie die leistungsstarken 230-V-L\u00fcfter f\u00fcr Mobilst\u00e4lle ohne Photovoltaik-Anlage. Die Lichtb\u00e4nder gibt es auch optional mit hinterl\u00fcfteten Verdunklungselementen als Einstallhilfe.<\/p>\n\n\n\n<p><strong>Die neue Generation der fm-Serie ist erst ab Anfang 2023 verf\u00fcgbar.<\/strong><\/p>\n\n\n\n<p>Haben wir Dein Interesse geweckt?<\/p>\n\n\n\n<p>Dann schick nun deine Anfrage!<\/p>\n\n\n\n<div class=\"wp-block-buttons is-layout-flex wp-block-buttons-is-layout-flex\">\n<div class=\"wp-block-button\"><a class=\"wp-block-button__link wp-element-button\" href=\"https:\/\/farmermobil.com\/de\/kontakt\" target=\"_blank\" rel=\"noreferrer noopener\">Jetzt kostenlose Anfrage senden!<\/a><\/div>\n<\/div>\n","protected":false},"excerpt":{"rendered":"<p>Aus der Landwirtschaft, f\u00fcr die Landwirtschaft. In enger Zusammenarbeit mit unseren Kunden haben wir unsere fm-Serie weiterentwickelt. Wir haben viele Ideen gesammelt und aus der Praxis gelernt. Am 15.09.2022 wurde nun der erste Prototyp der neuen fm-Serie ausgeliefert. In den n\u00e4chsten Monaten wird dieser ausgiebig mit Tierbesatz getestet. Anhand der Testergebnisse wird daraus das Serienfahrzeug [&hellip;]<\/p>\n","protected":false},"author":7,"featured_media":682,"comment_status":"open","ping_status":"open","sticky":false,"template":"","format":"standard","meta":{"_acf_changed":false,"content-type":"","footnotes":""},"categories":[23,28],"tags":[],"class_list":["post-677","post","type-post","status-publish","format-standard","has-post-thumbnail","hentry","category-aktuelles","category-highlight"],"acf":[],"yoast_head":"<!-- This site is optimized with the Yoast SEO Premium plugin v26.3 (Yoast SEO v26.3) - https:\/\/yoast.com\/wordpress\/plugins\/seo\/ -->\n<title>fm-Serie \u2013 THE NEXT GENERATION - farmermobil GmbH<\/title>\n<meta name=\"robots\" content=\"index, follow, max-snippet:-1, max-image-preview:large, max-video-preview:-1\" \/>\n<link rel=\"canonical\" href=\"https:\/\/farmermobil.com\/de\/fm-serie-the-next-generation\/\" \/>\n<meta property=\"og:locale\" content=\"de_DE\" \/>\n<meta property=\"og:type\" content=\"article\" \/>\n<meta property=\"og:title\" content=\"fm-Serie \u2013 THE NEXT GENERATION\" \/>\n<meta property=\"og:description\" content=\"Aus der Landwirtschaft, f\u00fcr die Landwirtschaft. In enger Zusammenarbeit mit unseren Kunden haben wir unsere fm-Serie weiterentwickelt. Wir haben viele Ideen gesammelt und aus der Praxis gelernt. Am 15.09.2022 wurde nun der erste Prototyp der neuen fm-Serie ausgeliefert. In den n\u00e4chsten Monaten wird dieser ausgiebig mit Tierbesatz getestet. Anhand der Testergebnisse wird daraus das Serienfahrzeug [&hellip;]\" \/>\n<meta property=\"og:url\" content=\"https:\/\/farmermobil.com\/de\/fm-serie-the-next-generation\/\" \/>\n<meta property=\"og:site_name\" content=\"farmermobil GmbH\" \/>\n<meta property=\"article:publisher\" content=\"https:\/\/facebook.com\/farmermobil\" \/>\n<meta property=\"article:published_time\" content=\"2022-10-24T14:26:03+00:00\" \/>\n<meta property=\"article:modified_time\" content=\"2023-05-04T13:34:07+00:00\" \/>\n<meta property=\"og:image\" content=\"https:\/\/farmermobil.com\/wp-content\/uploads\/2023\/01\/fm-NextGeneration-018-1-scaled-1.jpeg\" \/>\n\t<meta property=\"og:image:width\" content=\"2560\" \/>\n\t<meta property=\"og:image:height\" content=\"1597\" \/>\n\t<meta property=\"og:image:type\" content=\"image\/jpeg\" \/>\n<meta name=\"author\" content=\"admin\" \/>\n<meta name=\"twitter:card\" content=\"summary_large_image\" \/>\n<meta name=\"twitter:label1\" content=\"Verfasst von\" \/>\n\t<meta name=\"twitter:data1\" content=\"admin\" \/>\n\t<meta name=\"twitter:label2\" content=\"Gesch\u00e4tzte Lesezeit\" \/>\n\t<meta name=\"twitter:data2\" content=\"4\u00a0Minuten\" \/>\n<script type=\"application\/ld+json\" class=\"yoast-schema-graph\">{\"@context\":\"https:\/\/schema.org\",\"@graph\":[{\"@type\":\"Article\",\"@id\":\"https:\/\/farmermobil.com\/de\/fm-serie-the-next-generation\/#article\",\"isPartOf\":{\"@id\":\"https:\/\/farmermobil.com\/de\/fm-serie-the-next-generation\/\"},\"author\":{\"name\":\"admin\",\"@id\":\"https:\/\/farmermobil.com\/#\/schema\/person\/ba66aa6371a8ec6735c3332d49473ebc\"},\"headline\":\"fm-Serie \u2013 THE NEXT GENERATION\",\"datePublished\":\"2022-10-24T14:26:03+00:00\",\"dateModified\":\"2023-05-04T13:34:07+00:00\",\"mainEntityOfPage\":{\"@id\":\"https:\/\/farmermobil.com\/de\/fm-serie-the-next-generation\/\"},\"wordCount\":625,\"commentCount\":0,\"publisher\":{\"@id\":\"https:\/\/farmermobil.com\/#organization\"},\"image\":{\"@id\":\"https:\/\/farmermobil.com\/de\/fm-serie-the-next-generation\/#primaryimage\"},\"thumbnailUrl\":\"https:\/\/farmermobil.com\/wp-content\/uploads\/2023\/01\/fm-NextGeneration-018-1-scaled-1.jpeg\",\"articleSection\":[\"Aktuelles\",\"Highlight\"],\"inLanguage\":\"de\",\"potentialAction\":[{\"@type\":\"CommentAction\",\"name\":\"Comment\",\"target\":[\"https:\/\/farmermobil.com\/de\/fm-serie-the-next-generation\/#respond\"]}]},{\"@type\":\"WebPage\",\"@id\":\"https:\/\/farmermobil.com\/de\/fm-serie-the-next-generation\/\",\"url\":\"https:\/\/farmermobil.com\/de\/fm-serie-the-next-generation\/\",\"name\":\"fm-Serie \u2013 THE NEXT GENERATION - farmermobil GmbH\",\"isPartOf\":{\"@id\":\"https:\/\/farmermobil.com\/#website\"},\"primaryImageOfPage\":{\"@id\":\"https:\/\/farmermobil.com\/de\/fm-serie-the-next-generation\/#primaryimage\"},\"image\":{\"@id\":\"https:\/\/farmermobil.com\/de\/fm-serie-the-next-generation\/#primaryimage\"},\"thumbnailUrl\":\"https:\/\/farmermobil.com\/wp-content\/uploads\/2023\/01\/fm-NextGeneration-018-1-scaled-1.jpeg\",\"datePublished\":\"2022-10-24T14:26:03+00:00\",\"dateModified\":\"2023-05-04T13:34:07+00:00\",\"breadcrumb\":{\"@id\":\"https:\/\/farmermobil.com\/de\/fm-serie-the-next-generation\/#breadcrumb\"},\"inLanguage\":\"de\",\"potentialAction\":[{\"@type\":\"ReadAction\",\"target\":[\"https:\/\/farmermobil.com\/de\/fm-serie-the-next-generation\/\"]}]},{\"@type\":\"ImageObject\",\"inLanguage\":\"de\",\"@id\":\"https:\/\/farmermobil.com\/de\/fm-serie-the-next-generation\/#primaryimage\",\"url\":\"https:\/\/farmermobil.com\/wp-content\/uploads\/2023\/01\/fm-NextGeneration-018-1-scaled-1.jpeg\",\"contentUrl\":\"https:\/\/farmermobil.com\/wp-content\/uploads\/2023\/01\/fm-NextGeneration-018-1-scaled-1.jpeg\",\"width\":2560,\"height\":1597},{\"@type\":\"BreadcrumbList\",\"@id\":\"https:\/\/farmermobil.com\/de\/fm-serie-the-next-generation\/#breadcrumb\",\"itemListElement\":[{\"@type\":\"ListItem\",\"position\":1,\"name\":\"Startseite\",\"item\":\"https:\/\/farmermobil.com\/de\/\"},{\"@type\":\"ListItem\",\"position\":2,\"name\":\"fm-Serie \u2013 THE NEXT GENERATION\"}]},{\"@type\":\"WebSite\",\"@id\":\"https:\/\/farmermobil.com\/#website\",\"url\":\"https:\/\/farmermobil.com\/\",\"name\":\"farmermobil GmbH\",\"description\":\"farmermobil DER Mobilstall\",\"publisher\":{\"@id\":\"https:\/\/farmermobil.com\/#organization\"},\"alternateName\":\"Mobilstall\",\"potentialAction\":[{\"@type\":\"SearchAction\",\"target\":{\"@type\":\"EntryPoint\",\"urlTemplate\":\"https:\/\/farmermobil.com\/?s={search_term_string}\"},\"query-input\":{\"@type\":\"PropertyValueSpecification\",\"valueRequired\":true,\"valueName\":\"search_term_string\"}}],\"inLanguage\":\"de\"},{\"@type\":\"Organization\",\"@id\":\"https:\/\/farmermobil.com\/#organization\",\"name\":\"farmermobil GmbH\",\"url\":\"https:\/\/farmermobil.com\/\",\"logo\":{\"@type\":\"ImageObject\",\"inLanguage\":\"de\",\"@id\":\"https:\/\/farmermobil.com\/#\/schema\/logo\/image\/\",\"url\":\"https:\/\/farmermobil.com\/wp-content\/uploads\/2023\/05\/farmermobil-knallrot-ohne-huhn-ubereinander-1-e1683558691453.png\",\"contentUrl\":\"https:\/\/farmermobil.com\/wp-content\/uploads\/2023\/05\/farmermobil-knallrot-ohne-huhn-ubereinander-1-e1683558691453.png\",\"width\":696,\"height\":696,\"caption\":\"farmermobil GmbH\"},\"image\":{\"@id\":\"https:\/\/farmermobil.com\/#\/schema\/logo\/image\/\"},\"sameAs\":[\"https:\/\/facebook.com\/farmermobil\",\"https:\/\/instagram.com\/farmermobil\"]},{\"@type\":\"Person\",\"@id\":\"https:\/\/farmermobil.com\/#\/schema\/person\/ba66aa6371a8ec6735c3332d49473ebc\",\"name\":\"admin\",\"image\":{\"@type\":\"ImageObject\",\"inLanguage\":\"de\",\"@id\":\"https:\/\/farmermobil.com\/#\/schema\/person\/image\/\",\"url\":\"https:\/\/secure.gravatar.com\/avatar\/f7776314d4ec9943f48d729824b2783d235340a995f4dc6727856363e0cc8e5a?s=96&d=mm&r=g\",\"contentUrl\":\"https:\/\/secure.gravatar.com\/avatar\/f7776314d4ec9943f48d729824b2783d235340a995f4dc6727856363e0cc8e5a?s=96&d=mm&r=g\",\"caption\":\"admin\"},\"sameAs\":[\"http:\/\/farmermobil.com\"],\"url\":\"https:\/\/farmermobil.com\/de\/author\/admin-2\/\"}]}<\/script>\n<!-- \/ Yoast SEO Premium plugin. -->","yoast_head_json":{"title":"fm-Serie \u2013 THE NEXT GENERATION - farmermobil GmbH","robots":{"index":"index","follow":"follow","max-snippet":"max-snippet:-1","max-image-preview":"max-image-preview:large","max-video-preview":"max-video-preview:-1"},"canonical":"https:\/\/farmermobil.com\/de\/fm-serie-the-next-generation\/","og_locale":"de_DE","og_type":"article","og_title":"fm-Serie \u2013 THE NEXT GENERATION","og_description":"Aus der Landwirtschaft, f\u00fcr die Landwirtschaft. In enger Zusammenarbeit mit unseren Kunden haben wir unsere fm-Serie weiterentwickelt. Wir haben viele Ideen gesammelt und aus der Praxis gelernt. Am 15.09.2022 wurde nun der erste Prototyp der neuen fm-Serie ausgeliefert. In den n\u00e4chsten Monaten wird dieser ausgiebig mit Tierbesatz getestet. Anhand der Testergebnisse wird daraus das Serienfahrzeug [&hellip;]","og_url":"https:\/\/farmermobil.com\/de\/fm-serie-the-next-generation\/","og_site_name":"farmermobil GmbH","article_publisher":"https:\/\/facebook.com\/farmermobil","article_published_time":"2022-10-24T14:26:03+00:00","article_modified_time":"2023-05-04T13:34:07+00:00","og_image":[{"width":2560,"height":1597,"url":"https:\/\/farmermobil.com\/wp-content\/uploads\/2023\/01\/fm-NextGeneration-018-1-scaled-1.jpeg","type":"image\/jpeg"}],"author":"admin","twitter_card":"summary_large_image","twitter_misc":{"Verfasst von":"admin","Gesch\u00e4tzte Lesezeit":"4\u00a0Minuten"},"schema":{"@context":"https:\/\/schema.org","@graph":[{"@type":"Article","@id":"https:\/\/farmermobil.com\/de\/fm-serie-the-next-generation\/#article","isPartOf":{"@id":"https:\/\/farmermobil.com\/de\/fm-serie-the-next-generation\/"},"author":{"name":"admin","@id":"https:\/\/farmermobil.com\/#\/schema\/person\/ba66aa6371a8ec6735c3332d49473ebc"},"headline":"fm-Serie \u2013 THE NEXT GENERATION","datePublished":"2022-10-24T14:26:03+00:00","dateModified":"2023-05-04T13:34:07+00:00","mainEntityOfPage":{"@id":"https:\/\/farmermobil.com\/de\/fm-serie-the-next-generation\/"},"wordCount":625,"commentCount":0,"publisher":{"@id":"https:\/\/farmermobil.com\/#organization"},"image":{"@id":"https:\/\/farmermobil.com\/de\/fm-serie-the-next-generation\/#primaryimage"},"thumbnailUrl":"https:\/\/farmermobil.com\/wp-content\/uploads\/2023\/01\/fm-NextGeneration-018-1-scaled-1.jpeg","articleSection":["Aktuelles","Highlight"],"inLanguage":"de","potentialAction":[{"@type":"CommentAction","name":"Comment","target":["https:\/\/farmermobil.com\/de\/fm-serie-the-next-generation\/#respond"]}]},{"@type":"WebPage","@id":"https:\/\/farmermobil.com\/de\/fm-serie-the-next-generation\/","url":"https:\/\/farmermobil.com\/de\/fm-serie-the-next-generation\/","name":"fm-Serie \u2013 THE NEXT GENERATION - farmermobil GmbH","isPartOf":{"@id":"https:\/\/farmermobil.com\/#website"},"primaryImageOfPage":{"@id":"https:\/\/farmermobil.com\/de\/fm-serie-the-next-generation\/#primaryimage"},"image":{"@id":"https:\/\/farmermobil.com\/de\/fm-serie-the-next-generation\/#primaryimage"},"thumbnailUrl":"https:\/\/farmermobil.com\/wp-content\/uploads\/2023\/01\/fm-NextGeneration-018-1-scaled-1.jpeg","datePublished":"2022-10-24T14:26:03+00:00","dateModified":"2023-05-04T13:34:07+00:00","breadcrumb":{"@id":"https:\/\/farmermobil.com\/de\/fm-serie-the-next-generation\/#breadcrumb"},"inLanguage":"de","potentialAction":[{"@type":"ReadAction","target":["https:\/\/farmermobil.com\/de\/fm-serie-the-next-generation\/"]}]},{"@type":"ImageObject","inLanguage":"de","@id":"https:\/\/farmermobil.com\/de\/fm-serie-the-next-generation\/#primaryimage","url":"https:\/\/farmermobil.com\/wp-content\/uploads\/2023\/01\/fm-NextGeneration-018-1-scaled-1.jpeg","contentUrl":"https:\/\/farmermobil.com\/wp-content\/uploads\/2023\/01\/fm-NextGeneration-018-1-scaled-1.jpeg","width":2560,"height":1597},{"@type":"BreadcrumbList","@id":"https:\/\/farmermobil.com\/de\/fm-serie-the-next-generation\/#breadcrumb","itemListElement":[{"@type":"ListItem","position":1,"name":"Startseite","item":"https:\/\/farmermobil.com\/de\/"},{"@type":"ListItem","position":2,"name":"fm-Serie \u2013 THE NEXT GENERATION"}]},{"@type":"WebSite","@id":"https:\/\/farmermobil.com\/#website","url":"https:\/\/farmermobil.com\/","name":"farmermobil GmbH","description":"farmermobil DER Mobilstall","publisher":{"@id":"https:\/\/farmermobil.com\/#organization"},"alternateName":"Mobilstall","potentialAction":[{"@type":"SearchAction","target":{"@type":"EntryPoint","urlTemplate":"https:\/\/farmermobil.com\/?s={search_term_string}"},"query-input":{"@type":"PropertyValueSpecification","valueRequired":true,"valueName":"search_term_string"}}],"inLanguage":"de"},{"@type":"Organization","@id":"https:\/\/farmermobil.com\/#organization","name":"farmermobil GmbH","url":"https:\/\/farmermobil.com\/","logo":{"@type":"ImageObject","inLanguage":"de","@id":"https:\/\/farmermobil.com\/#\/schema\/logo\/image\/","url":"https:\/\/farmermobil.com\/wp-content\/uploads\/2023\/05\/farmermobil-knallrot-ohne-huhn-ubereinander-1-e1683558691453.png","contentUrl":"https:\/\/farmermobil.com\/wp-content\/uploads\/2023\/05\/farmermobil-knallrot-ohne-huhn-ubereinander-1-e1683558691453.png","width":696,"height":696,"caption":"farmermobil GmbH"},"image":{"@id":"https:\/\/farmermobil.com\/#\/schema\/logo\/image\/"},"sameAs":["https:\/\/facebook.com\/farmermobil","https:\/\/instagram.com\/farmermobil"]},{"@type":"Person","@id":"https:\/\/farmermobil.com\/#\/schema\/person\/ba66aa6371a8ec6735c3332d49473ebc","name":"admin","image":{"@type":"ImageObject","inLanguage":"de","@id":"https:\/\/farmermobil.com\/#\/schema\/person\/image\/","url":"https:\/\/secure.gravatar.com\/avatar\/f7776314d4ec9943f48d729824b2783d235340a995f4dc6727856363e0cc8e5a?s=96&d=mm&r=g","contentUrl":"https:\/\/secure.gravatar.com\/avatar\/f7776314d4ec9943f48d729824b2783d235340a995f4dc6727856363e0cc8e5a?s=96&d=mm&r=g","caption":"admin"},"sameAs":["http:\/\/farmermobil.com"],"url":"https:\/\/farmermobil.com\/de\/author\/admin-2\/"}]}},"_links":{"self":[{"href":"https:\/\/farmermobil.com\/de\/wp-json\/wp\/v2\/posts\/677","targetHints":{"allow":["GET"]}}],"collection":[{"href":"https:\/\/farmermobil.com\/de\/wp-json\/wp\/v2\/posts"}],"about":[{"href":"https:\/\/farmermobil.com\/de\/wp-json\/wp\/v2\/types\/post"}],"author":[{"embeddable":true,"href":"https:\/\/farmermobil.com\/de\/wp-json\/wp\/v2\/users\/7"}],"replies":[{"embeddable":true,"href":"https:\/\/farmermobil.com\/de\/wp-json\/wp\/v2\/comments?post=677"}],"version-history":[{"count":1,"href":"https:\/\/farmermobil.com\/de\/wp-json\/wp\/v2\/posts\/677\/revisions"}],"predecessor-version":[{"id":11215,"href":"https:\/\/farmermobil.com\/de\/wp-json\/wp\/v2\/posts\/677\/revisions\/11215"}],"wp:featuredmedia":[{"embeddable":true,"href":"https:\/\/farmermobil.com\/de\/wp-json\/wp\/v2\/media\/682"}],"wp:attachment":[{"href":"https:\/\/farmermobil.com\/de\/wp-json\/wp\/v2\/media?parent=677"}],"wp:term":[{"taxonomy":"category","embeddable":true,"href":"https:\/\/farmermobil.com\/de\/wp-json\/wp\/v2\/categories?post=677"},{"taxonomy":"post_tag","embeddable":true,"href":"https:\/\/farmermobil.com\/de\/wp-json\/wp\/v2\/tags?post=677"}],"curies":[{"name":"wp","href":"https:\/\/api.w.org\/{rel}","templated":true}]}}