{"id":1240,"date":"2022-05-09T13:32:00","date_gmt":"2022-05-09T12:32:00","guid":{"rendered":"http:\/\/web.farmermobil.com\/?p=1240"},"modified":"2023-05-04T14:36:36","modified_gmt":"2023-05-04T13:36:36","slug":"farmermobil-ermoeglicht-betrieb-ueber-mobile-endgeraete","status":"publish","type":"post","link":"https:\/\/farmermobil.com\/de\/farmermobil-ermoeglicht-betrieb-ueber-mobile-endgeraete\/","title":{"rendered":"farmermobil erm\u00f6glicht Betrieb \u00fcber mobile Endger\u00e4te"},"content":{"rendered":"\n<div class=\"wp-block-columns is-layout-flex wp-container-core-columns-is-layout-28f84493 wp-block-columns-is-layout-flex\">\n<div class=\"wp-block-column is-layout-flow wp-block-column-is-layout-flow\">\n<h3 class=\"wp-block-heading\">Ganz neue Zeiten brechen mit dem neuen internet- und mobilfunkf\u00e4higen Router von der Welotec GmbH aus Laer an.<\/h3>\n\n\n\n<p>In der fm-Serie von farmermobil hat sich die <strong>Siemens-S7-Steuerung<\/strong> mit einem<strong> 9-Zoll-Touch-Display <\/strong>bew\u00e4hrt. <strong>Licht<\/strong>, <strong>F\u00fctterung<\/strong>, <strong>Nester<\/strong>, <strong>Auslauf\u00f6ffnungen<\/strong>, <strong>L\u00fcftung<\/strong>, <strong>Kot- und Eiersammelb\u00e4nder <\/strong>werden \u00fcber ein zentrales <strong>grafikorientiertes<\/strong> <strong>Men\u00fc<\/strong> gesteuert. Die Steuerung erlaubt bis zu <strong>32 Sprachen<\/strong>. Viele Zusatzoptionen wie <strong>W\u00e4gezellen<\/strong> f\u00fcr den <strong>Futtersilo<\/strong> sind bestellbar.<\/p>\n\n\n\n<p>Jeder Mobilstall der STARTER-Serie wird ab <strong>Ende Juni 2022<\/strong> ebenfalls mit dieser Steuerung ausgeliefert. Die <strong>LOGO-Steuerung<\/strong> mit dem textbasierten Display ohne Touch-Funktion wird abgel\u00f6st. farmermobil\u00ae kann diesen Systemwechsel ohne Aufpreis anbieten.<\/p>\n\n\n\n<p>Ganz neue Zeiten brechen mit dem neuen <strong>internet- und mobilfunkf\u00e4higen Industrie-Router der <a rel=\"noreferrer noopener\" href=\"https:\/\/www.welotec.com\/de\/\" target=\"_blank\">Welotec GmbH<\/a><\/strong> aus <strong>Laer<\/strong> an. Bisher war der Zugriff auf die Steuerung mit mobilen Endger\u00e4ten nur per <strong>WLAN<\/strong> m\u00f6glich. Einen <strong>Fernzugriff<\/strong> f\u00fcr farmermobil gab es nicht. <strong>Warnmeldungen<\/strong> konnten \u00fcber das Mobilfunknetz per <strong>SMS<\/strong> versandt werden.<\/p>\n<\/div>\n\n\n\n<div class=\"wp-block-column is-layout-flow wp-block-column-is-layout-flow\">\n<figure class=\"wp-block-image size-full\"><img fetchpriority=\"high\" decoding=\"async\" width=\"532\" height=\"473\" src=\"https:\/\/farmermobil.com\/wp-content\/uploads\/2023\/01\/farmermobil-fm600-arbeitssparend.jpeg\" alt=\"\" class=\"wp-image-1617\" srcset=\"https:\/\/farmermobil.com\/wp-content\/uploads\/2023\/01\/farmermobil-fm600-arbeitssparend.jpeg 532w, https:\/\/farmermobil.com\/wp-content\/uploads\/2023\/01\/farmermobil-fm600-arbeitssparend-300x267.jpeg 300w\" sizes=\"(max-width: 532px) 100vw, 532px\" \/><\/figure>\n<\/div>\n<\/div>\n\n\n\n<div class=\"wp-block-columns is-layout-flex wp-container-core-columns-is-layout-28f84493 wp-block-columns-is-layout-flex\">\n<div class=\"wp-block-column is-layout-flow wp-block-column-is-layout-flow\">\n<figure class=\"wp-block-image size-full\"><img decoding=\"async\" width=\"1024\" height=\"593\" src=\"https:\/\/farmermobil.com\/wp-content\/uploads\/2023\/01\/Neue-steuerung-2-1024x593-1.png\" alt=\"\" class=\"wp-image-1619\" srcset=\"https:\/\/farmermobil.com\/wp-content\/uploads\/2023\/01\/Neue-steuerung-2-1024x593-1.png 1024w, https:\/\/farmermobil.com\/wp-content\/uploads\/2023\/01\/Neue-steuerung-2-1024x593-1-300x174.png 300w, https:\/\/farmermobil.com\/wp-content\/uploads\/2023\/01\/Neue-steuerung-2-1024x593-1-768x445.png 768w\" sizes=\"(max-width: 1024px) 100vw, 1024px\" \/><\/figure>\n<\/div>\n\n\n\n<div class=\"wp-block-column is-layout-flow wp-block-column-is-layout-flow\">\n<h3 class=\"wp-block-heading\">Wartungs- und Konfigurationsarbeiten k\u00f6nnen unsere Experten von Laer aus an jedem Kundenstall durchf\u00fchren.<\/h3>\n\n\n\n<p>Der bew\u00e4hrte<strong> Industrie-Router <\/strong>der <a href=\"https:\/\/www.welotec.com\/de\/\" target=\"_blank\" rel=\"noreferrer noopener\">Welotec GmbH<\/a> wurde auf die Steuerung von farmermobil angepasst. Das <strong>robuste SMS-Warnsystem<\/strong> bleibt erhalten. Zugleich ist der Zugriff mit einem beliebigen <strong>mobilen<\/strong> <strong>Endger\u00e4t<\/strong> weltweit \u00fcber das Mobilfunknetz m\u00f6glich. Dabei wird exakt der Bildschirm abgebildet, der auch auf dem Display im Stall zu sehen ist. Auf dem Smartphone kann die Steuerung dann genau wie im Stall bedient werden. \u00dcber einen mit dem Internet verbundenen <strong>Computer<\/strong> <strong>Zuhause<\/strong> oder im <strong>B\u00fcro<\/strong> ist das ebenfalls m\u00f6glich. \u00dcber diesen Router erh\u00e4lt farmermobil auch einen <strong>Fernzugriff<\/strong> auf die Steuerung. <strong>Wartungs- und Konfigurationsarbeiten<\/strong> k\u00f6nnen unsere Experten von Laer aus an jedem Kundenstall durchf\u00fchren. Das <strong>beschleunigt<\/strong> und <strong>vereinfacht<\/strong> die <strong>Fehlersuche<\/strong> und <strong>St\u00f6rungsbeseitigung<\/strong> erheblich.<\/p>\n<\/div>\n<\/div>\n\n\n\n<div class=\"wp-block-columns is-layout-flex wp-container-core-columns-is-layout-28f84493 wp-block-columns-is-layout-flex\">\n<div class=\"wp-block-column is-layout-flow wp-block-column-is-layout-flow\">\n<h3 class=\"wp-block-heading\">Der Welotec-Router wird ab Mai 2022 in allen Mobilst\u00e4llen der fm-Serie ohne Aufpreis ausgeliefert.<\/h3>\n\n\n\n<p>Ab dem Jahr 2023 ist dann auch ein Netzbetrieb im Kundenauftrag m\u00f6glich. Die neue Steuerung erm\u00f6glicht den <strong>weltweiten<\/strong> <strong>Fernzugriff<\/strong> auf unsere Mobilst\u00e4lle. Wer mehrere St\u00e4lle von farmermobil besitzt, muss sich mit dem neuen Router bisher mit <strong>jedem<\/strong> <strong>Stall<\/strong> <strong>einzeln<\/strong> verbinden. Mit der <strong>Netzbetriebsplattform<\/strong> der <strong>Welotec GmbH <\/strong>k\u00f6nnen ab <strong>2023<\/strong> alle Mobilst\u00e4lle eines Kunden auf einmal \u00fcberwacht werden. Das k\u00f6nnen die Kunden selbst machen oder farmermobil mit dem <strong>Netzbetrieb<\/strong> beauftragen. Daf\u00fcr sind auch keine neuen Ger\u00e4te erforderlich. Alle Router, die wir ausliefern, sind f\u00fcr diesen Netzbetrieb bereits geeignet.<\/p>\n\n\n\n<p>Der <strong>welotec-Router wird ab Mai 2022<\/strong> in allen Mobilst\u00e4llen der fm-Serie<strong> ohne Aufpreis <\/strong>ausgeliefert. In der STARTER-Serie k\u00f6nnen die Router als Option bestellt werden. Die ersten Steuerungen f\u00fcr die STARTER-Serie mit diesem Router k\u00f6nnen ab<strong> Ende Juni 2022 <\/strong>geliefert werden.<\/p>\n\n\n\n<div class=\"wp-block-buttons is-layout-flex wp-block-buttons-is-layout-flex\">\n<div class=\"wp-block-button\"><a class=\"wp-block-button__link wp-element-button\" href=\"https:\/\/www.welotec.com\/de\/industrie-router\/\" target=\"_blank\" rel=\"noreferrer noopener\">Hier erf\u00e4hrst Du mehr \u00fcber den Industrie-Router TK602L!<\/a><\/div>\n<\/div>\n<\/div>\n\n\n\n<div class=\"wp-block-column is-layout-flow wp-block-column-is-layout-flow\">\n<figure class=\"wp-block-image size-full\"><img decoding=\"async\" width=\"1024\" height=\"683\" src=\"https:\/\/farmermobil.com\/wp-content\/uploads\/2023\/01\/farmermobil_Header_02-0013-1024x683-1.jpeg\" alt=\"\" class=\"wp-image-1621\" srcset=\"https:\/\/farmermobil.com\/wp-content\/uploads\/2023\/01\/farmermobil_Header_02-0013-1024x683-1.jpeg 1024w, https:\/\/farmermobil.com\/wp-content\/uploads\/2023\/01\/farmermobil_Header_02-0013-1024x683-1-300x200.jpeg 300w, https:\/\/farmermobil.com\/wp-content\/uploads\/2023\/01\/farmermobil_Header_02-0013-1024x683-1-768x512.jpeg 768w\" sizes=\"(max-width: 1024px) 100vw, 1024px\" \/><\/figure>\n<\/div>\n<\/div>\n","protected":false},"excerpt":{"rendered":"<p>Ganz neue Zeiten brechen mit dem neuen internet- und mobilfunkf\u00e4higen Router von der Welotec GmbH aus Laer an. In der fm-Serie von farmermobil hat sich die Siemens-S7-Steuerung mit einem 9-Zoll-Touch-Display bew\u00e4hrt. Licht, F\u00fctterung, Nester, Auslauf\u00f6ffnungen, L\u00fcftung, Kot- und Eiersammelb\u00e4nder werden \u00fcber ein zentrales grafikorientiertes Men\u00fc gesteuert. Die Steuerung erlaubt bis zu 32 Sprachen. Viele Zusatzoptionen [&hellip;]<\/p>\n","protected":false},"author":7,"featured_media":1617,"comment_status":"open","ping_status":"open","sticky":false,"template":"","format":"standard","meta":{"_acf_changed":false,"content-type":"","footnotes":""},"categories":[23,1],"tags":[],"class_list":["post-1240","post","type-post","status-publish","format-standard","has-post-thumbnail","hentry","category-aktuelles","category-unkategorisiert"],"acf":[],"yoast_head":"<!-- This site is optimized with the Yoast SEO Premium plugin v26.3 (Yoast SEO v26.3) - https:\/\/yoast.com\/wordpress\/plugins\/seo\/ -->\n<title>farmermobil erm\u00f6glicht Betrieb \u00fcber mobile Endger\u00e4te - farmermobil GmbH<\/title>\n<meta name=\"robots\" content=\"index, follow, max-snippet:-1, max-image-preview:large, max-video-preview:-1\" \/>\n<link rel=\"canonical\" href=\"https:\/\/farmermobil.com\/de\/farmermobil-ermoeglicht-betrieb-ueber-mobile-endgeraete\/\" \/>\n<meta property=\"og:locale\" content=\"de_DE\" \/>\n<meta property=\"og:type\" content=\"article\" \/>\n<meta property=\"og:title\" content=\"farmermobil erm\u00f6glicht Betrieb \u00fcber mobile Endger\u00e4te\" \/>\n<meta property=\"og:description\" content=\"Ganz neue Zeiten brechen mit dem neuen internet- und mobilfunkf\u00e4higen Router von der Welotec GmbH aus Laer an. In der fm-Serie von farmermobil hat sich die Siemens-S7-Steuerung mit einem 9-Zoll-Touch-Display bew\u00e4hrt. Licht, F\u00fctterung, Nester, Auslauf\u00f6ffnungen, L\u00fcftung, Kot- und Eiersammelb\u00e4nder werden \u00fcber ein zentrales grafikorientiertes Men\u00fc gesteuert. Die Steuerung erlaubt bis zu 32 Sprachen. Viele Zusatzoptionen [&hellip;]\" \/>\n<meta property=\"og:url\" content=\"https:\/\/farmermobil.com\/de\/farmermobil-ermoeglicht-betrieb-ueber-mobile-endgeraete\/\" \/>\n<meta property=\"og:site_name\" content=\"farmermobil GmbH\" \/>\n<meta property=\"article:publisher\" content=\"https:\/\/facebook.com\/farmermobil\" \/>\n<meta property=\"article:published_time\" content=\"2022-05-09T12:32:00+00:00\" \/>\n<meta property=\"article:modified_time\" content=\"2023-05-04T13:36:36+00:00\" \/>\n<meta property=\"og:image\" content=\"https:\/\/farmermobil.com\/wp-content\/uploads\/2023\/01\/farmermobil-fm600-arbeitssparend.jpeg\" \/>\n\t<meta property=\"og:image:width\" content=\"532\" \/>\n\t<meta property=\"og:image:height\" content=\"473\" \/>\n\t<meta property=\"og:image:type\" content=\"image\/jpeg\" \/>\n<meta name=\"author\" content=\"admin\" \/>\n<meta name=\"twitter:card\" content=\"summary_large_image\" \/>\n<meta name=\"twitter:label1\" content=\"Verfasst von\" \/>\n\t<meta name=\"twitter:data1\" content=\"admin\" \/>\n\t<meta name=\"twitter:label2\" content=\"Gesch\u00e4tzte Lesezeit\" \/>\n\t<meta name=\"twitter:data2\" content=\"3\u00a0Minuten\" \/>\n<script type=\"application\/ld+json\" class=\"yoast-schema-graph\">{\"@context\":\"https:\/\/schema.org\",\"@graph\":[{\"@type\":\"Article\",\"@id\":\"https:\/\/farmermobil.com\/de\/farmermobil-ermoeglicht-betrieb-ueber-mobile-endgeraete\/#article\",\"isPartOf\":{\"@id\":\"https:\/\/farmermobil.com\/de\/farmermobil-ermoeglicht-betrieb-ueber-mobile-endgeraete\/\"},\"author\":{\"name\":\"admin\",\"@id\":\"https:\/\/farmermobil.com\/#\/schema\/person\/ba66aa6371a8ec6735c3332d49473ebc\"},\"headline\":\"farmermobil erm\u00f6glicht Betrieb \u00fcber mobile Endger\u00e4te\",\"datePublished\":\"2022-05-09T12:32:00+00:00\",\"dateModified\":\"2023-05-04T13:36:36+00:00\",\"mainEntityOfPage\":{\"@id\":\"https:\/\/farmermobil.com\/de\/farmermobil-ermoeglicht-betrieb-ueber-mobile-endgeraete\/\"},\"wordCount\":454,\"commentCount\":0,\"publisher\":{\"@id\":\"https:\/\/farmermobil.com\/#organization\"},\"image\":{\"@id\":\"https:\/\/farmermobil.com\/de\/farmermobil-ermoeglicht-betrieb-ueber-mobile-endgeraete\/#primaryimage\"},\"thumbnailUrl\":\"https:\/\/farmermobil.com\/wp-content\/uploads\/2023\/01\/farmermobil-fm600-arbeitssparend.jpeg\",\"articleSection\":[\"Aktuelles\",\"Unkategorisiert\"],\"inLanguage\":\"de\",\"potentialAction\":[{\"@type\":\"CommentAction\",\"name\":\"Comment\",\"target\":[\"https:\/\/farmermobil.com\/de\/farmermobil-ermoeglicht-betrieb-ueber-mobile-endgeraete\/#respond\"]}]},{\"@type\":\"WebPage\",\"@id\":\"https:\/\/farmermobil.com\/de\/farmermobil-ermoeglicht-betrieb-ueber-mobile-endgeraete\/\",\"url\":\"https:\/\/farmermobil.com\/de\/farmermobil-ermoeglicht-betrieb-ueber-mobile-endgeraete\/\",\"name\":\"farmermobil erm\u00f6glicht Betrieb \u00fcber mobile Endger\u00e4te - farmermobil GmbH\",\"isPartOf\":{\"@id\":\"https:\/\/farmermobil.com\/#website\"},\"primaryImageOfPage\":{\"@id\":\"https:\/\/farmermobil.com\/de\/farmermobil-ermoeglicht-betrieb-ueber-mobile-endgeraete\/#primaryimage\"},\"image\":{\"@id\":\"https:\/\/farmermobil.com\/de\/farmermobil-ermoeglicht-betrieb-ueber-mobile-endgeraete\/#primaryimage\"},\"thumbnailUrl\":\"https:\/\/farmermobil.com\/wp-content\/uploads\/2023\/01\/farmermobil-fm600-arbeitssparend.jpeg\",\"datePublished\":\"2022-05-09T12:32:00+00:00\",\"dateModified\":\"2023-05-04T13:36:36+00:00\",\"breadcrumb\":{\"@id\":\"https:\/\/farmermobil.com\/de\/farmermobil-ermoeglicht-betrieb-ueber-mobile-endgeraete\/#breadcrumb\"},\"inLanguage\":\"de\",\"potentialAction\":[{\"@type\":\"ReadAction\",\"target\":[\"https:\/\/farmermobil.com\/de\/farmermobil-ermoeglicht-betrieb-ueber-mobile-endgeraete\/\"]}]},{\"@type\":\"ImageObject\",\"inLanguage\":\"de\",\"@id\":\"https:\/\/farmermobil.com\/de\/farmermobil-ermoeglicht-betrieb-ueber-mobile-endgeraete\/#primaryimage\",\"url\":\"https:\/\/farmermobil.com\/wp-content\/uploads\/2023\/01\/farmermobil-fm600-arbeitssparend.jpeg\",\"contentUrl\":\"https:\/\/farmermobil.com\/wp-content\/uploads\/2023\/01\/farmermobil-fm600-arbeitssparend.jpeg\",\"width\":532,\"height\":473},{\"@type\":\"BreadcrumbList\",\"@id\":\"https:\/\/farmermobil.com\/de\/farmermobil-ermoeglicht-betrieb-ueber-mobile-endgeraete\/#breadcrumb\",\"itemListElement\":[{\"@type\":\"ListItem\",\"position\":1,\"name\":\"Startseite\",\"item\":\"https:\/\/farmermobil.com\/de\/\"},{\"@type\":\"ListItem\",\"position\":2,\"name\":\"farmermobil erm\u00f6glicht Betrieb \u00fcber mobile Endger\u00e4te\"}]},{\"@type\":\"WebSite\",\"@id\":\"https:\/\/farmermobil.com\/#website\",\"url\":\"https:\/\/farmermobil.com\/\",\"name\":\"farmermobil GmbH\",\"description\":\"farmermobil DER Mobilstall\",\"publisher\":{\"@id\":\"https:\/\/farmermobil.com\/#organization\"},\"alternateName\":\"Mobilstall\",\"potentialAction\":[{\"@type\":\"SearchAction\",\"target\":{\"@type\":\"EntryPoint\",\"urlTemplate\":\"https:\/\/farmermobil.com\/?s={search_term_string}\"},\"query-input\":{\"@type\":\"PropertyValueSpecification\",\"valueRequired\":true,\"valueName\":\"search_term_string\"}}],\"inLanguage\":\"de\"},{\"@type\":\"Organization\",\"@id\":\"https:\/\/farmermobil.com\/#organization\",\"name\":\"farmermobil GmbH\",\"url\":\"https:\/\/farmermobil.com\/\",\"logo\":{\"@type\":\"ImageObject\",\"inLanguage\":\"de\",\"@id\":\"https:\/\/farmermobil.com\/#\/schema\/logo\/image\/\",\"url\":\"https:\/\/farmermobil.com\/wp-content\/uploads\/2023\/05\/farmermobil-knallrot-ohne-huhn-ubereinander-1-e1683558691453.png\",\"contentUrl\":\"https:\/\/farmermobil.com\/wp-content\/uploads\/2023\/05\/farmermobil-knallrot-ohne-huhn-ubereinander-1-e1683558691453.png\",\"width\":696,\"height\":696,\"caption\":\"farmermobil GmbH\"},\"image\":{\"@id\":\"https:\/\/farmermobil.com\/#\/schema\/logo\/image\/\"},\"sameAs\":[\"https:\/\/facebook.com\/farmermobil\",\"https:\/\/instagram.com\/farmermobil\"]},{\"@type\":\"Person\",\"@id\":\"https:\/\/farmermobil.com\/#\/schema\/person\/ba66aa6371a8ec6735c3332d49473ebc\",\"name\":\"admin\",\"image\":{\"@type\":\"ImageObject\",\"inLanguage\":\"de\",\"@id\":\"https:\/\/farmermobil.com\/#\/schema\/person\/image\/\",\"url\":\"https:\/\/secure.gravatar.com\/avatar\/f7776314d4ec9943f48d729824b2783d235340a995f4dc6727856363e0cc8e5a?s=96&d=mm&r=g\",\"contentUrl\":\"https:\/\/secure.gravatar.com\/avatar\/f7776314d4ec9943f48d729824b2783d235340a995f4dc6727856363e0cc8e5a?s=96&d=mm&r=g\",\"caption\":\"admin\"},\"sameAs\":[\"http:\/\/farmermobil.com\"],\"url\":\"https:\/\/farmermobil.com\/de\/author\/admin-2\/\"}]}<\/script>\n<!-- \/ Yoast SEO Premium plugin. -->","yoast_head_json":{"title":"farmermobil erm\u00f6glicht Betrieb \u00fcber mobile Endger\u00e4te - farmermobil GmbH","robots":{"index":"index","follow":"follow","max-snippet":"max-snippet:-1","max-image-preview":"max-image-preview:large","max-video-preview":"max-video-preview:-1"},"canonical":"https:\/\/farmermobil.com\/de\/farmermobil-ermoeglicht-betrieb-ueber-mobile-endgeraete\/","og_locale":"de_DE","og_type":"article","og_title":"farmermobil erm\u00f6glicht Betrieb \u00fcber mobile Endger\u00e4te","og_description":"Ganz neue Zeiten brechen mit dem neuen internet- und mobilfunkf\u00e4higen Router von der Welotec GmbH aus Laer an. In der fm-Serie von farmermobil hat sich die Siemens-S7-Steuerung mit einem 9-Zoll-Touch-Display bew\u00e4hrt. Licht, F\u00fctterung, Nester, Auslauf\u00f6ffnungen, L\u00fcftung, Kot- und Eiersammelb\u00e4nder werden \u00fcber ein zentrales grafikorientiertes Men\u00fc gesteuert. Die Steuerung erlaubt bis zu 32 Sprachen. Viele Zusatzoptionen [&hellip;]","og_url":"https:\/\/farmermobil.com\/de\/farmermobil-ermoeglicht-betrieb-ueber-mobile-endgeraete\/","og_site_name":"farmermobil GmbH","article_publisher":"https:\/\/facebook.com\/farmermobil","article_published_time":"2022-05-09T12:32:00+00:00","article_modified_time":"2023-05-04T13:36:36+00:00","og_image":[{"width":532,"height":473,"url":"https:\/\/farmermobil.com\/wp-content\/uploads\/2023\/01\/farmermobil-fm600-arbeitssparend.jpeg","type":"image\/jpeg"}],"author":"admin","twitter_card":"summary_large_image","twitter_misc":{"Verfasst von":"admin","Gesch\u00e4tzte Lesezeit":"3\u00a0Minuten"},"schema":{"@context":"https:\/\/schema.org","@graph":[{"@type":"Article","@id":"https:\/\/farmermobil.com\/de\/farmermobil-ermoeglicht-betrieb-ueber-mobile-endgeraete\/#article","isPartOf":{"@id":"https:\/\/farmermobil.com\/de\/farmermobil-ermoeglicht-betrieb-ueber-mobile-endgeraete\/"},"author":{"name":"admin","@id":"https:\/\/farmermobil.com\/#\/schema\/person\/ba66aa6371a8ec6735c3332d49473ebc"},"headline":"farmermobil erm\u00f6glicht Betrieb \u00fcber mobile Endger\u00e4te","datePublished":"2022-05-09T12:32:00+00:00","dateModified":"2023-05-04T13:36:36+00:00","mainEntityOfPage":{"@id":"https:\/\/farmermobil.com\/de\/farmermobil-ermoeglicht-betrieb-ueber-mobile-endgeraete\/"},"wordCount":454,"commentCount":0,"publisher":{"@id":"https:\/\/farmermobil.com\/#organization"},"image":{"@id":"https:\/\/farmermobil.com\/de\/farmermobil-ermoeglicht-betrieb-ueber-mobile-endgeraete\/#primaryimage"},"thumbnailUrl":"https:\/\/farmermobil.com\/wp-content\/uploads\/2023\/01\/farmermobil-fm600-arbeitssparend.jpeg","articleSection":["Aktuelles","Unkategorisiert"],"inLanguage":"de","potentialAction":[{"@type":"CommentAction","name":"Comment","target":["https:\/\/farmermobil.com\/de\/farmermobil-ermoeglicht-betrieb-ueber-mobile-endgeraete\/#respond"]}]},{"@type":"WebPage","@id":"https:\/\/farmermobil.com\/de\/farmermobil-ermoeglicht-betrieb-ueber-mobile-endgeraete\/","url":"https:\/\/farmermobil.com\/de\/farmermobil-ermoeglicht-betrieb-ueber-mobile-endgeraete\/","name":"farmermobil erm\u00f6glicht Betrieb \u00fcber mobile Endger\u00e4te - farmermobil GmbH","isPartOf":{"@id":"https:\/\/farmermobil.com\/#website"},"primaryImageOfPage":{"@id":"https:\/\/farmermobil.com\/de\/farmermobil-ermoeglicht-betrieb-ueber-mobile-endgeraete\/#primaryimage"},"image":{"@id":"https:\/\/farmermobil.com\/de\/farmermobil-ermoeglicht-betrieb-ueber-mobile-endgeraete\/#primaryimage"},"thumbnailUrl":"https:\/\/farmermobil.com\/wp-content\/uploads\/2023\/01\/farmermobil-fm600-arbeitssparend.jpeg","datePublished":"2022-05-09T12:32:00+00:00","dateModified":"2023-05-04T13:36:36+00:00","breadcrumb":{"@id":"https:\/\/farmermobil.com\/de\/farmermobil-ermoeglicht-betrieb-ueber-mobile-endgeraete\/#breadcrumb"},"inLanguage":"de","potentialAction":[{"@type":"ReadAction","target":["https:\/\/farmermobil.com\/de\/farmermobil-ermoeglicht-betrieb-ueber-mobile-endgeraete\/"]}]},{"@type":"ImageObject","inLanguage":"de","@id":"https:\/\/farmermobil.com\/de\/farmermobil-ermoeglicht-betrieb-ueber-mobile-endgeraete\/#primaryimage","url":"https:\/\/farmermobil.com\/wp-content\/uploads\/2023\/01\/farmermobil-fm600-arbeitssparend.jpeg","contentUrl":"https:\/\/farmermobil.com\/wp-content\/uploads\/2023\/01\/farmermobil-fm600-arbeitssparend.jpeg","width":532,"height":473},{"@type":"BreadcrumbList","@id":"https:\/\/farmermobil.com\/de\/farmermobil-ermoeglicht-betrieb-ueber-mobile-endgeraete\/#breadcrumb","itemListElement":[{"@type":"ListItem","position":1,"name":"Startseite","item":"https:\/\/farmermobil.com\/de\/"},{"@type":"ListItem","position":2,"name":"farmermobil erm\u00f6glicht Betrieb \u00fcber mobile Endger\u00e4te"}]},{"@type":"WebSite","@id":"https:\/\/farmermobil.com\/#website","url":"https:\/\/farmermobil.com\/","name":"farmermobil GmbH","description":"farmermobil DER Mobilstall","publisher":{"@id":"https:\/\/farmermobil.com\/#organization"},"alternateName":"Mobilstall","potentialAction":[{"@type":"SearchAction","target":{"@type":"EntryPoint","urlTemplate":"https:\/\/farmermobil.com\/?s={search_term_string}"},"query-input":{"@type":"PropertyValueSpecification","valueRequired":true,"valueName":"search_term_string"}}],"inLanguage":"de"},{"@type":"Organization","@id":"https:\/\/farmermobil.com\/#organization","name":"farmermobil GmbH","url":"https:\/\/farmermobil.com\/","logo":{"@type":"ImageObject","inLanguage":"de","@id":"https:\/\/farmermobil.com\/#\/schema\/logo\/image\/","url":"https:\/\/farmermobil.com\/wp-content\/uploads\/2023\/05\/farmermobil-knallrot-ohne-huhn-ubereinander-1-e1683558691453.png","contentUrl":"https:\/\/farmermobil.com\/wp-content\/uploads\/2023\/05\/farmermobil-knallrot-ohne-huhn-ubereinander-1-e1683558691453.png","width":696,"height":696,"caption":"farmermobil GmbH"},"image":{"@id":"https:\/\/farmermobil.com\/#\/schema\/logo\/image\/"},"sameAs":["https:\/\/facebook.com\/farmermobil","https:\/\/instagram.com\/farmermobil"]},{"@type":"Person","@id":"https:\/\/farmermobil.com\/#\/schema\/person\/ba66aa6371a8ec6735c3332d49473ebc","name":"admin","image":{"@type":"ImageObject","inLanguage":"de","@id":"https:\/\/farmermobil.com\/#\/schema\/person\/image\/","url":"https:\/\/secure.gravatar.com\/avatar\/f7776314d4ec9943f48d729824b2783d235340a995f4dc6727856363e0cc8e5a?s=96&d=mm&r=g","contentUrl":"https:\/\/secure.gravatar.com\/avatar\/f7776314d4ec9943f48d729824b2783d235340a995f4dc6727856363e0cc8e5a?s=96&d=mm&r=g","caption":"admin"},"sameAs":["http:\/\/farmermobil.com"],"url":"https:\/\/farmermobil.com\/de\/author\/admin-2\/"}]}},"_links":{"self":[{"href":"https:\/\/farmermobil.com\/de\/wp-json\/wp\/v2\/posts\/1240","targetHints":{"allow":["GET"]}}],"collection":[{"href":"https:\/\/farmermobil.com\/de\/wp-json\/wp\/v2\/posts"}],"about":[{"href":"https:\/\/farmermobil.com\/de\/wp-json\/wp\/v2\/types\/post"}],"author":[{"embeddable":true,"href":"https:\/\/farmermobil.com\/de\/wp-json\/wp\/v2\/users\/7"}],"replies":[{"embeddable":true,"href":"https:\/\/farmermobil.com\/de\/wp-json\/wp\/v2\/comments?post=1240"}],"version-history":[{"count":1,"href":"https:\/\/farmermobil.com\/de\/wp-json\/wp\/v2\/posts\/1240\/revisions"}],"predecessor-version":[{"id":11220,"href":"https:\/\/farmermobil.com\/de\/wp-json\/wp\/v2\/posts\/1240\/revisions\/11220"}],"wp:featuredmedia":[{"embeddable":true,"href":"https:\/\/farmermobil.com\/de\/wp-json\/wp\/v2\/media\/1617"}],"wp:attachment":[{"href":"https:\/\/farmermobil.com\/de\/wp-json\/wp\/v2\/media?parent=1240"}],"wp:term":[{"taxonomy":"category","embeddable":true,"href":"https:\/\/farmermobil.com\/de\/wp-json\/wp\/v2\/categories?post=1240"},{"taxonomy":"post_tag","embeddable":true,"href":"https:\/\/farmermobil.com\/de\/wp-json\/wp\/v2\/tags?post=1240"}],"curies":[{"name":"wp","href":"https:\/\/api.w.org\/{rel}","templated":true}]}}