{"id":12091,"date":"2023-06-01T08:12:00","date_gmt":"2023-06-01T07:12:00","guid":{"rendered":"https:\/\/farmermobil.com\/?p=12091"},"modified":"2023-06-01T08:33:23","modified_gmt":"2023-06-01T07:33:23","slug":"seitliche-auslaufklappen","status":"publish","type":"post","link":"https:\/\/farmermobil.com\/de\/seitliche-auslaufklappen\/","title":{"rendered":"NEU! Seitliche Auslaufklappen bei unserer STARTER-Serie"},"content":{"rendered":"\t\t<div data-elementor-type=\"wp-post\" data-elementor-id=\"12091\" class=\"elementor elementor-12091\" data-elementor-post-type=\"post\">\n\t\t\t\t\t\t<section class=\"elementor-section elementor-top-section elementor-element elementor-element-cd642a9 elementor-section-boxed elementor-section-height-default elementor-section-height-default\" data-id=\"cd642a9\" data-element_type=\"section\" data-e-type=\"section\">\n\t\t\t\t\t\t<div class=\"elementor-container elementor-column-gap-default\">\n\t\t\t\t\t<div class=\"elementor-column elementor-col-100 elementor-top-column elementor-element elementor-element-813ed2f\" data-id=\"813ed2f\" data-element_type=\"column\" data-e-type=\"column\">\n\t\t\t<div class=\"elementor-widget-wrap elementor-element-populated\">\n\t\t\t\t\t\t<div class=\"elementor-element elementor-element-4d94c0c elementor-widget elementor-widget-text-editor\" data-id=\"4d94c0c\" data-element_type=\"widget\" data-e-type=\"widget\" data-widget_type=\"text-editor.default\">\n\t\t\t\t<div class=\"elementor-widget-container\">\n\t\t\t\t\t\t\t\t\t<h1>Die STARTER-Serie mit seitlichen Auslaufklappen in der Serienausstattung<\/h1>\t\t\t\t\t\t\t\t<\/div>\n\t\t\t\t<\/div>\n\t\t\t\t\t<\/div>\n\t\t<\/div>\n\t\t\t\t\t<\/div>\n\t\t<\/section>\n\t\t\t\t<section class=\"elementor-section elementor-top-section elementor-element elementor-element-37fb400 elementor-section-boxed elementor-section-height-default elementor-section-height-default\" data-id=\"37fb400\" data-element_type=\"section\" data-e-type=\"section\">\n\t\t\t\t\t\t<div class=\"elementor-container elementor-column-gap-default\">\n\t\t\t\t\t<div class=\"elementor-column elementor-col-100 elementor-top-column elementor-element elementor-element-864d6cf\" data-id=\"864d6cf\" data-element_type=\"column\" data-e-type=\"column\">\n\t\t\t<div class=\"elementor-widget-wrap elementor-element-populated\">\n\t\t\t\t\t\t<section class=\"elementor-section elementor-inner-section elementor-element elementor-element-fccba44 elementor-section-boxed elementor-section-height-default elementor-section-height-default\" data-id=\"fccba44\" data-element_type=\"section\" data-e-type=\"section\">\n\t\t\t\t\t\t<div class=\"elementor-container elementor-column-gap-default\">\n\t\t\t\t\t<div class=\"elementor-column elementor-col-50 elementor-inner-column elementor-element elementor-element-1363756\" data-id=\"1363756\" data-element_type=\"column\" data-e-type=\"column\">\n\t\t\t<div class=\"elementor-widget-wrap elementor-element-populated\">\n\t\t\t\t\t\t<div class=\"elementor-element elementor-element-54b61b6 elementor-widget elementor-widget-image\" data-id=\"54b61b6\" data-element_type=\"widget\" data-e-type=\"widget\" data-widget_type=\"image.default\">\n\t\t\t\t<div class=\"elementor-widget-container\">\n\t\t\t\t\t\t\t\t\t\t\t\t\t\t\t<img fetchpriority=\"high\" decoding=\"async\" width=\"800\" height=\"534\" src=\"https:\/\/farmermobil.com\/wp-content\/uploads\/2023\/04\/fm-NextGeneration-mitTieren_17-scaled-1-1024x683.jpg\" class=\"attachment-large size-large wp-image-10708\" alt=\"\" srcset=\"https:\/\/farmermobil.com\/wp-content\/uploads\/2023\/04\/fm-NextGeneration-mitTieren_17-scaled-1-1024x683.jpg 1024w, https:\/\/farmermobil.com\/wp-content\/uploads\/2023\/04\/fm-NextGeneration-mitTieren_17-scaled-1-300x200.jpg 300w, https:\/\/farmermobil.com\/wp-content\/uploads\/2023\/04\/fm-NextGeneration-mitTieren_17-scaled-1-768x512.jpg 768w, https:\/\/farmermobil.com\/wp-content\/uploads\/2023\/04\/fm-NextGeneration-mitTieren_17-scaled-1-1536x1024.jpg 1536w, https:\/\/farmermobil.com\/wp-content\/uploads\/2023\/04\/fm-NextGeneration-mitTieren_17-scaled-1-2048x1366.jpg 2048w\" sizes=\"(max-width: 800px) 100vw, 800px\" \/>\t\t\t\t\t\t\t\t\t\t\t\t\t\t\t<\/div>\n\t\t\t\t<\/div>\n\t\t\t\t\t<\/div>\n\t\t<\/div>\n\t\t\t\t<div class=\"elementor-column elementor-col-50 elementor-inner-column elementor-element elementor-element-ed1b5e3\" data-id=\"ed1b5e3\" data-element_type=\"column\" data-e-type=\"column\">\n\t\t\t<div class=\"elementor-widget-wrap elementor-element-populated\">\n\t\t\t\t\t\t<div class=\"elementor-element elementor-element-31c5edf elementor-widget elementor-widget-text-editor\" data-id=\"31c5edf\" data-element_type=\"widget\" data-e-type=\"widget\" data-widget_type=\"text-editor.default\">\n\t\t\t\t<div class=\"elementor-widget-container\">\n\t\t\t\t\t\t\t\t\t<p>Bis zuletzt waren die St\u00e4lle unserer STARTER-Serie mit Bodenauslaufklappen ausgestattet. Die Seitlichen Auslaufklappen haben wir nur als Option angeboten. Seitliche Auslaufklappen bieten einiges an Vorteilen. Nun ist es soweit: <strong>Die STARTER sind ab sofort in der Serienausstattung mit seitlichen Auslaufklappen ausgestattet.<\/strong> Dadurch wird die begehbare Nutzfl\u00e4che vergr\u00f6\u00dfert. Auch der Schmutzeintrag durch die Hennen wird dank dem Zugang \u00fcber die Gitterrampen verringert. Die Gitterrampen lassen sich zum Versetzen einfach und schnell hochklappen. Dich \u00fcberzeugt die Neuerung? Dann melde dich bei uns!<\/p>\t\t\t\t\t\t\t\t<\/div>\n\t\t\t\t<\/div>\n\t\t\t\t<div class=\"elementor-element elementor-element-768de92 elementor-tablet-align-justify skewButton elementor-widget elementor-widget-button\" data-id=\"768de92\" data-element_type=\"widget\" data-e-type=\"widget\" data-widget_type=\"button.default\">\n\t\t\t\t<div class=\"elementor-widget-container\">\n\t\t\t\t\t\t\t\t\t<div class=\"elementor-button-wrapper\">\n\t\t\t\t\t<a class=\"elementor-button elementor-button-link elementor-size-sm\" href=\"https:\/\/farmermobil.com\/de\/kontakt\">\n\t\t\t\t\t\t<span class=\"elementor-button-content-wrapper\">\n\t\t\t\t\t\t\t\t\t<span class=\"elementor-button-text\">Angebot anfordern!<\/span>\n\t\t\t\t\t<\/span>\n\t\t\t\t\t<\/a>\n\t\t\t\t<\/div>\n\t\t\t\t\t\t\t\t<\/div>\n\t\t\t\t<\/div>\n\t\t\t\t\t<\/div>\n\t\t<\/div>\n\t\t\t\t\t<\/div>\n\t\t<\/section>\n\t\t\t\t\t<\/div>\n\t\t<\/div>\n\t\t\t\t\t<\/div>\n\t\t<\/section>\n\t\t\t\t<section class=\"elementor-section elementor-top-section elementor-element elementor-element-680d98d elementor-section-boxed elementor-section-height-default elementor-section-height-default elementor-invisible\" data-id=\"680d98d\" data-element_type=\"section\" data-e-type=\"section\" data-settings=\"{&quot;animation&quot;:&quot;fadeInUp&quot;}\">\n\t\t\t\t\t\t<div class=\"elementor-container elementor-column-gap-default\">\n\t\t\t\t\t<div class=\"elementor-column elementor-col-33 elementor-top-column elementor-element elementor-element-6c74372 elementor-invisible\" data-id=\"6c74372\" data-element_type=\"column\" data-e-type=\"column\" data-settings=\"{&quot;animation&quot;:&quot;fadeIn&quot;}\">\n\t\t\t<div class=\"elementor-widget-wrap elementor-element-populated\">\n\t\t\t\t\t\t<div class=\"elementor-element elementor-element-b7f6636 elementor-widget elementor-widget-image\" data-id=\"b7f6636\" data-element_type=\"widget\" data-e-type=\"widget\" data-widget_type=\"image.default\">\n\t\t\t\t<div class=\"elementor-widget-container\">\n\t\t\t\t\t\t\t\t\t\t\t\t\t\t\t<img decoding=\"async\" width=\"768\" height=\"530\" src=\"https:\/\/farmermobil.com\/wp-content\/uploads\/2023\/06\/STARTER-max_seitliche-Auslaufklappen-768x530.jpg\" class=\"attachment-medium_large size-medium_large wp-image-12096\" alt=\"\" srcset=\"https:\/\/farmermobil.com\/wp-content\/uploads\/2023\/06\/STARTER-max_seitliche-Auslaufklappen-768x530.jpg 768w, https:\/\/farmermobil.com\/wp-content\/uploads\/2023\/06\/STARTER-max_seitliche-Auslaufklappen-300x207.jpg 300w, https:\/\/farmermobil.com\/wp-content\/uploads\/2023\/06\/STARTER-max_seitliche-Auslaufklappen-1024x707.jpg 1024w, https:\/\/farmermobil.com\/wp-content\/uploads\/2023\/06\/STARTER-max_seitliche-Auslaufklappen-1536x1060.jpg 1536w, https:\/\/farmermobil.com\/wp-content\/uploads\/2023\/06\/STARTER-max_seitliche-Auslaufklappen-2048x1413.jpg 2048w\" sizes=\"(max-width: 768px) 100vw, 768px\" \/>\t\t\t\t\t\t\t\t\t\t\t\t\t\t\t<\/div>\n\t\t\t\t<\/div>\n\t\t\t\t\t<\/div>\n\t\t<\/div>\n\t\t\t\t<div class=\"elementor-column elementor-col-33 elementor-top-column elementor-element elementor-element-a7c01af\" data-id=\"a7c01af\" data-element_type=\"column\" data-e-type=\"column\">\n\t\t\t<div class=\"elementor-widget-wrap elementor-element-populated\">\n\t\t\t\t\t\t<div class=\"elementor-element elementor-element-3632744 elementor-widget elementor-widget-image\" data-id=\"3632744\" data-element_type=\"widget\" data-e-type=\"widget\" data-widget_type=\"image.default\">\n\t\t\t\t<div class=\"elementor-widget-container\">\n\t\t\t\t\t\t\t\t\t\t\t\t\t\t\t<img decoding=\"async\" width=\"768\" height=\"531\" src=\"https:\/\/farmermobil.com\/wp-content\/uploads\/2023\/06\/STARTER-max_08-22-12-768x531.jpg\" class=\"attachment-medium_large size-medium_large wp-image-12104\" alt=\"Mobilstall\" srcset=\"https:\/\/farmermobil.com\/wp-content\/uploads\/2023\/06\/STARTER-max_08-22-12-768x531.jpg 768w, https:\/\/farmermobil.com\/wp-content\/uploads\/2023\/06\/STARTER-max_08-22-12-300x208.jpg 300w, https:\/\/farmermobil.com\/wp-content\/uploads\/2023\/06\/STARTER-max_08-22-12-1024x709.jpg 1024w, https:\/\/farmermobil.com\/wp-content\/uploads\/2023\/06\/STARTER-max_08-22-12-1536x1063.jpg 1536w, https:\/\/farmermobil.com\/wp-content\/uploads\/2023\/06\/STARTER-max_08-22-12-2048x1417.jpg 2048w\" sizes=\"(max-width: 768px) 100vw, 768px\" \/>\t\t\t\t\t\t\t\t\t\t\t\t\t\t\t<\/div>\n\t\t\t\t<\/div>\n\t\t\t\t\t<\/div>\n\t\t<\/div>\n\t\t\t\t<div class=\"elementor-column elementor-col-33 elementor-top-column elementor-element elementor-element-a92b5e7\" data-id=\"a92b5e7\" data-element_type=\"column\" data-e-type=\"column\">\n\t\t\t<div class=\"elementor-widget-wrap elementor-element-populated\">\n\t\t\t\t\t\t<div class=\"elementor-element elementor-element-3582155 elementor-widget elementor-widget-image\" data-id=\"3582155\" data-element_type=\"widget\" data-e-type=\"widget\" data-widget_type=\"image.default\">\n\t\t\t\t<div class=\"elementor-widget-container\">\n\t\t\t\t\t\t\t\t\t\t\t\t\t\t\t<img loading=\"lazy\" decoding=\"async\" width=\"768\" height=\"492\" src=\"https:\/\/farmermobil.com\/wp-content\/uploads\/2023\/06\/STARTER-plus-seitliche_Auslaufklappen-768x492.jpg\" class=\"attachment-medium_large size-medium_large wp-image-12100\" alt=\"\" srcset=\"https:\/\/farmermobil.com\/wp-content\/uploads\/2023\/06\/STARTER-plus-seitliche_Auslaufklappen-768x492.jpg 768w, https:\/\/farmermobil.com\/wp-content\/uploads\/2023\/06\/STARTER-plus-seitliche_Auslaufklappen-300x192.jpg 300w, https:\/\/farmermobil.com\/wp-content\/uploads\/2023\/06\/STARTER-plus-seitliche_Auslaufklappen-1024x656.jpg 1024w, https:\/\/farmermobil.com\/wp-content\/uploads\/2023\/06\/STARTER-plus-seitliche_Auslaufklappen-1536x985.jpg 1536w, https:\/\/farmermobil.com\/wp-content\/uploads\/2023\/06\/STARTER-plus-seitliche_Auslaufklappen-2048x1313.jpg 2048w\" sizes=\"(max-width: 768px) 100vw, 768px\" \/>\t\t\t\t\t\t\t\t\t\t\t\t\t\t\t<\/div>\n\t\t\t\t<\/div>\n\t\t\t\t\t<\/div>\n\t\t<\/div>\n\t\t\t\t\t<\/div>\n\t\t<\/section>\n\t\t\t\t<\/div>\n\t\t","protected":false},"excerpt":{"rendered":"<p>Die STARTER-Serie mit seitlichen Auslaufklappen in der Serienausstattung Bis zuletzt waren die St\u00e4lle unserer STARTER-Serie mit Bodenauslaufklappen ausgestattet. Die Seitlichen Auslaufklappen haben wir nur als Option angeboten. Seitliche Auslaufklappen bieten einiges an Vorteilen. Nun ist es soweit: Die STARTER sind ab sofort in der Serienausstattung mit seitlichen Auslaufklappen ausgestattet. Dadurch wird die begehbare Nutzfl\u00e4che vergr\u00f6\u00dfert. [&hellip;]<\/p>\n","protected":false},"author":3,"featured_media":12096,"comment_status":"closed","ping_status":"open","sticky":false,"template":"","format":"standard","meta":{"_acf_changed":false,"content-type":"","footnotes":""},"categories":[23,1],"tags":[82,58],"class_list":["post-12091","post","type-post","status-publish","format-standard","has-post-thumbnail","hentry","category-aktuelles","category-unkategorisiert","tag-auslaufklappen","tag-farmermobil"],"acf":[],"yoast_head":"<!-- This site is optimized with the Yoast SEO Premium plugin v26.3 (Yoast SEO v26.3) - https:\/\/yoast.com\/wordpress\/plugins\/seo\/ -->\n<title>NEU! Seitliche Auslaufklappen bei der STARTER-Serie<\/title>\n<meta name=\"description\" content=\"Seitliche Auslaufklappen bieten einiges an Vorteilen. Die STARTER sind ab sofort in der Serienausstattung mit seitlichen Auslaufklappen ausgestattet.\" \/>\n<meta name=\"robots\" content=\"index, follow, max-snippet:-1, max-image-preview:large, max-video-preview:-1\" \/>\n<link rel=\"canonical\" href=\"https:\/\/farmermobil.com\/de\/seitliche-auslaufklappen\/\" \/>\n<meta property=\"og:locale\" content=\"de_DE\" \/>\n<meta property=\"og:type\" content=\"article\" \/>\n<meta property=\"og:title\" content=\"NEU! Seitliche Auslaufklappen bei unserer STARTER-Serie\" \/>\n<meta property=\"og:description\" content=\"Seitliche Auslaufklappen bieten einiges an Vorteilen. Die STARTER sind ab sofort in der Serienausstattung mit seitlichen Auslaufklappen ausgestattet.\" \/>\n<meta property=\"og:url\" content=\"https:\/\/farmermobil.com\/de\/seitliche-auslaufklappen\/\" \/>\n<meta property=\"og:site_name\" content=\"farmermobil GmbH\" \/>\n<meta property=\"article:publisher\" content=\"https:\/\/facebook.com\/farmermobil\" \/>\n<meta property=\"article:published_time\" content=\"2023-06-01T07:12:00+00:00\" \/>\n<meta property=\"article:modified_time\" content=\"2023-06-01T07:33:23+00:00\" \/>\n<meta property=\"og:image\" content=\"https:\/\/farmermobil.com\/wp-content\/uploads\/2023\/06\/STARTER-max_seitliche-Auslaufklappen-scaled.jpg\" \/>\n\t<meta property=\"og:image:width\" content=\"2560\" \/>\n\t<meta property=\"og:image:height\" content=\"1767\" \/>\n\t<meta property=\"og:image:type\" content=\"image\/jpeg\" \/>\n<meta name=\"author\" content=\"Chiara\" \/>\n<meta name=\"twitter:card\" content=\"summary_large_image\" \/>\n<meta name=\"twitter:label1\" content=\"Verfasst von\" \/>\n\t<meta name=\"twitter:data1\" content=\"Chiara\" \/>\n\t<meta name=\"twitter:label2\" content=\"Gesch\u00e4tzte Lesezeit\" \/>\n\t<meta name=\"twitter:data2\" content=\"2\u00a0Minuten\" \/>\n<script type=\"application\/ld+json\" class=\"yoast-schema-graph\">{\"@context\":\"https:\/\/schema.org\",\"@graph\":[{\"@type\":\"Article\",\"@id\":\"https:\/\/farmermobil.com\/de\/seitliche-auslaufklappen\/#article\",\"isPartOf\":{\"@id\":\"https:\/\/farmermobil.com\/de\/seitliche-auslaufklappen\/\"},\"author\":{\"name\":\"Chiara\",\"@id\":\"https:\/\/farmermobil.com\/#\/schema\/person\/d399c6023eef8c338cc6877910e00b6b\"},\"headline\":\"NEU! Seitliche Auslaufklappen bei unserer STARTER-Serie\",\"datePublished\":\"2023-06-01T07:12:00+00:00\",\"dateModified\":\"2023-06-01T07:33:23+00:00\",\"mainEntityOfPage\":{\"@id\":\"https:\/\/farmermobil.com\/de\/seitliche-auslaufklappen\/\"},\"wordCount\":99,\"publisher\":{\"@id\":\"https:\/\/farmermobil.com\/#organization\"},\"image\":{\"@id\":\"https:\/\/farmermobil.com\/de\/seitliche-auslaufklappen\/#primaryimage\"},\"thumbnailUrl\":\"https:\/\/farmermobil.com\/wp-content\/uploads\/2023\/06\/STARTER-max_seitliche-Auslaufklappen-scaled.jpg\",\"keywords\":[\"Auslaufklappen\",\"farmermobil\"],\"articleSection\":[\"Aktuelles\",\"Unkategorisiert\"],\"inLanguage\":\"de\"},{\"@type\":\"WebPage\",\"@id\":\"https:\/\/farmermobil.com\/de\/seitliche-auslaufklappen\/\",\"url\":\"https:\/\/farmermobil.com\/de\/seitliche-auslaufklappen\/\",\"name\":\"NEU! Seitliche Auslaufklappen bei der STARTER-Serie\",\"isPartOf\":{\"@id\":\"https:\/\/farmermobil.com\/#website\"},\"primaryImageOfPage\":{\"@id\":\"https:\/\/farmermobil.com\/de\/seitliche-auslaufklappen\/#primaryimage\"},\"image\":{\"@id\":\"https:\/\/farmermobil.com\/de\/seitliche-auslaufklappen\/#primaryimage\"},\"thumbnailUrl\":\"https:\/\/farmermobil.com\/wp-content\/uploads\/2023\/06\/STARTER-max_seitliche-Auslaufklappen-scaled.jpg\",\"datePublished\":\"2023-06-01T07:12:00+00:00\",\"dateModified\":\"2023-06-01T07:33:23+00:00\",\"description\":\"Seitliche Auslaufklappen bieten einiges an Vorteilen. Die STARTER sind ab sofort in der Serienausstattung mit seitlichen Auslaufklappen ausgestattet.\",\"breadcrumb\":{\"@id\":\"https:\/\/farmermobil.com\/de\/seitliche-auslaufklappen\/#breadcrumb\"},\"inLanguage\":\"de\",\"potentialAction\":[{\"@type\":\"ReadAction\",\"target\":[\"https:\/\/farmermobil.com\/de\/seitliche-auslaufklappen\/\"]}]},{\"@type\":\"ImageObject\",\"inLanguage\":\"de\",\"@id\":\"https:\/\/farmermobil.com\/de\/seitliche-auslaufklappen\/#primaryimage\",\"url\":\"https:\/\/farmermobil.com\/wp-content\/uploads\/2023\/06\/STARTER-max_seitliche-Auslaufklappen-scaled.jpg\",\"contentUrl\":\"https:\/\/farmermobil.com\/wp-content\/uploads\/2023\/06\/STARTER-max_seitliche-Auslaufklappen-scaled.jpg\",\"width\":2560,\"height\":1767},{\"@type\":\"BreadcrumbList\",\"@id\":\"https:\/\/farmermobil.com\/de\/seitliche-auslaufklappen\/#breadcrumb\",\"itemListElement\":[{\"@type\":\"ListItem\",\"position\":1,\"name\":\"Startseite\",\"item\":\"https:\/\/farmermobil.com\/de\/\"},{\"@type\":\"ListItem\",\"position\":2,\"name\":\"NEU! Seitliche Auslaufklappen bei unserer STARTER-Serie\"}]},{\"@type\":\"WebSite\",\"@id\":\"https:\/\/farmermobil.com\/#website\",\"url\":\"https:\/\/farmermobil.com\/\",\"name\":\"farmermobil GmbH\",\"description\":\"farmermobil DER Mobilstall\",\"publisher\":{\"@id\":\"https:\/\/farmermobil.com\/#organization\"},\"alternateName\":\"Mobilstall\",\"potentialAction\":[{\"@type\":\"SearchAction\",\"target\":{\"@type\":\"EntryPoint\",\"urlTemplate\":\"https:\/\/farmermobil.com\/?s={search_term_string}\"},\"query-input\":{\"@type\":\"PropertyValueSpecification\",\"valueRequired\":true,\"valueName\":\"search_term_string\"}}],\"inLanguage\":\"de\"},{\"@type\":\"Organization\",\"@id\":\"https:\/\/farmermobil.com\/#organization\",\"name\":\"farmermobil GmbH\",\"url\":\"https:\/\/farmermobil.com\/\",\"logo\":{\"@type\":\"ImageObject\",\"inLanguage\":\"de\",\"@id\":\"https:\/\/farmermobil.com\/#\/schema\/logo\/image\/\",\"url\":\"https:\/\/farmermobil.com\/wp-content\/uploads\/2023\/05\/farmermobil-knallrot-ohne-huhn-ubereinander-1-e1683558691453.png\",\"contentUrl\":\"https:\/\/farmermobil.com\/wp-content\/uploads\/2023\/05\/farmermobil-knallrot-ohne-huhn-ubereinander-1-e1683558691453.png\",\"width\":696,\"height\":696,\"caption\":\"farmermobil GmbH\"},\"image\":{\"@id\":\"https:\/\/farmermobil.com\/#\/schema\/logo\/image\/\"},\"sameAs\":[\"https:\/\/facebook.com\/farmermobil\",\"https:\/\/instagram.com\/farmermobil\"]},{\"@type\":\"Person\",\"@id\":\"https:\/\/farmermobil.com\/#\/schema\/person\/d399c6023eef8c338cc6877910e00b6b\",\"name\":\"Chiara\",\"image\":{\"@type\":\"ImageObject\",\"inLanguage\":\"de\",\"@id\":\"https:\/\/farmermobil.com\/#\/schema\/person\/image\/\",\"url\":\"https:\/\/secure.gravatar.com\/avatar\/2ea1959ade214ccf5ae69030b501c26c91112c4503dbee0e01923411e13358b0?s=96&d=mm&r=g\",\"contentUrl\":\"https:\/\/secure.gravatar.com\/avatar\/2ea1959ade214ccf5ae69030b501c26c91112c4503dbee0e01923411e13358b0?s=96&d=mm&r=g\",\"caption\":\"Chiara\"},\"url\":\"https:\/\/farmermobil.com\/de\/author\/chiara-dirks\/\"}]}<\/script>\n<!-- \/ Yoast SEO Premium plugin. -->","yoast_head_json":{"title":"NEU! Seitliche Auslaufklappen bei der STARTER-Serie","description":"Seitliche Auslaufklappen bieten einiges an Vorteilen. Die STARTER sind ab sofort in der Serienausstattung mit seitlichen Auslaufklappen ausgestattet.","robots":{"index":"index","follow":"follow","max-snippet":"max-snippet:-1","max-image-preview":"max-image-preview:large","max-video-preview":"max-video-preview:-1"},"canonical":"https:\/\/farmermobil.com\/de\/seitliche-auslaufklappen\/","og_locale":"de_DE","og_type":"article","og_title":"NEU! Seitliche Auslaufklappen bei unserer STARTER-Serie","og_description":"Seitliche Auslaufklappen bieten einiges an Vorteilen. Die STARTER sind ab sofort in der Serienausstattung mit seitlichen Auslaufklappen ausgestattet.","og_url":"https:\/\/farmermobil.com\/de\/seitliche-auslaufklappen\/","og_site_name":"farmermobil GmbH","article_publisher":"https:\/\/facebook.com\/farmermobil","article_published_time":"2023-06-01T07:12:00+00:00","article_modified_time":"2023-06-01T07:33:23+00:00","og_image":[{"width":2560,"height":1767,"url":"https:\/\/farmermobil.com\/wp-content\/uploads\/2023\/06\/STARTER-max_seitliche-Auslaufklappen-scaled.jpg","type":"image\/jpeg"}],"author":"Chiara","twitter_card":"summary_large_image","twitter_misc":{"Verfasst von":"Chiara","Gesch\u00e4tzte Lesezeit":"2\u00a0Minuten"},"schema":{"@context":"https:\/\/schema.org","@graph":[{"@type":"Article","@id":"https:\/\/farmermobil.com\/de\/seitliche-auslaufklappen\/#article","isPartOf":{"@id":"https:\/\/farmermobil.com\/de\/seitliche-auslaufklappen\/"},"author":{"name":"Chiara","@id":"https:\/\/farmermobil.com\/#\/schema\/person\/d399c6023eef8c338cc6877910e00b6b"},"headline":"NEU! Seitliche Auslaufklappen bei unserer STARTER-Serie","datePublished":"2023-06-01T07:12:00+00:00","dateModified":"2023-06-01T07:33:23+00:00","mainEntityOfPage":{"@id":"https:\/\/farmermobil.com\/de\/seitliche-auslaufklappen\/"},"wordCount":99,"publisher":{"@id":"https:\/\/farmermobil.com\/#organization"},"image":{"@id":"https:\/\/farmermobil.com\/de\/seitliche-auslaufklappen\/#primaryimage"},"thumbnailUrl":"https:\/\/farmermobil.com\/wp-content\/uploads\/2023\/06\/STARTER-max_seitliche-Auslaufklappen-scaled.jpg","keywords":["Auslaufklappen","farmermobil"],"articleSection":["Aktuelles","Unkategorisiert"],"inLanguage":"de"},{"@type":"WebPage","@id":"https:\/\/farmermobil.com\/de\/seitliche-auslaufklappen\/","url":"https:\/\/farmermobil.com\/de\/seitliche-auslaufklappen\/","name":"NEU! Seitliche Auslaufklappen bei der STARTER-Serie","isPartOf":{"@id":"https:\/\/farmermobil.com\/#website"},"primaryImageOfPage":{"@id":"https:\/\/farmermobil.com\/de\/seitliche-auslaufklappen\/#primaryimage"},"image":{"@id":"https:\/\/farmermobil.com\/de\/seitliche-auslaufklappen\/#primaryimage"},"thumbnailUrl":"https:\/\/farmermobil.com\/wp-content\/uploads\/2023\/06\/STARTER-max_seitliche-Auslaufklappen-scaled.jpg","datePublished":"2023-06-01T07:12:00+00:00","dateModified":"2023-06-01T07:33:23+00:00","description":"Seitliche Auslaufklappen bieten einiges an Vorteilen. Die STARTER sind ab sofort in der Serienausstattung mit seitlichen Auslaufklappen ausgestattet.","breadcrumb":{"@id":"https:\/\/farmermobil.com\/de\/seitliche-auslaufklappen\/#breadcrumb"},"inLanguage":"de","potentialAction":[{"@type":"ReadAction","target":["https:\/\/farmermobil.com\/de\/seitliche-auslaufklappen\/"]}]},{"@type":"ImageObject","inLanguage":"de","@id":"https:\/\/farmermobil.com\/de\/seitliche-auslaufklappen\/#primaryimage","url":"https:\/\/farmermobil.com\/wp-content\/uploads\/2023\/06\/STARTER-max_seitliche-Auslaufklappen-scaled.jpg","contentUrl":"https:\/\/farmermobil.com\/wp-content\/uploads\/2023\/06\/STARTER-max_seitliche-Auslaufklappen-scaled.jpg","width":2560,"height":1767},{"@type":"BreadcrumbList","@id":"https:\/\/farmermobil.com\/de\/seitliche-auslaufklappen\/#breadcrumb","itemListElement":[{"@type":"ListItem","position":1,"name":"Startseite","item":"https:\/\/farmermobil.com\/de\/"},{"@type":"ListItem","position":2,"name":"NEU! Seitliche Auslaufklappen bei unserer STARTER-Serie"}]},{"@type":"WebSite","@id":"https:\/\/farmermobil.com\/#website","url":"https:\/\/farmermobil.com\/","name":"farmermobil GmbH","description":"farmermobil DER Mobilstall","publisher":{"@id":"https:\/\/farmermobil.com\/#organization"},"alternateName":"Mobilstall","potentialAction":[{"@type":"SearchAction","target":{"@type":"EntryPoint","urlTemplate":"https:\/\/farmermobil.com\/?s={search_term_string}"},"query-input":{"@type":"PropertyValueSpecification","valueRequired":true,"valueName":"search_term_string"}}],"inLanguage":"de"},{"@type":"Organization","@id":"https:\/\/farmermobil.com\/#organization","name":"farmermobil GmbH","url":"https:\/\/farmermobil.com\/","logo":{"@type":"ImageObject","inLanguage":"de","@id":"https:\/\/farmermobil.com\/#\/schema\/logo\/image\/","url":"https:\/\/farmermobil.com\/wp-content\/uploads\/2023\/05\/farmermobil-knallrot-ohne-huhn-ubereinander-1-e1683558691453.png","contentUrl":"https:\/\/farmermobil.com\/wp-content\/uploads\/2023\/05\/farmermobil-knallrot-ohne-huhn-ubereinander-1-e1683558691453.png","width":696,"height":696,"caption":"farmermobil GmbH"},"image":{"@id":"https:\/\/farmermobil.com\/#\/schema\/logo\/image\/"},"sameAs":["https:\/\/facebook.com\/farmermobil","https:\/\/instagram.com\/farmermobil"]},{"@type":"Person","@id":"https:\/\/farmermobil.com\/#\/schema\/person\/d399c6023eef8c338cc6877910e00b6b","name":"Chiara","image":{"@type":"ImageObject","inLanguage":"de","@id":"https:\/\/farmermobil.com\/#\/schema\/person\/image\/","url":"https:\/\/secure.gravatar.com\/avatar\/2ea1959ade214ccf5ae69030b501c26c91112c4503dbee0e01923411e13358b0?s=96&d=mm&r=g","contentUrl":"https:\/\/secure.gravatar.com\/avatar\/2ea1959ade214ccf5ae69030b501c26c91112c4503dbee0e01923411e13358b0?s=96&d=mm&r=g","caption":"Chiara"},"url":"https:\/\/farmermobil.com\/de\/author\/chiara-dirks\/"}]}},"_links":{"self":[{"href":"https:\/\/farmermobil.com\/de\/wp-json\/wp\/v2\/posts\/12091","targetHints":{"allow":["GET"]}}],"collection":[{"href":"https:\/\/farmermobil.com\/de\/wp-json\/wp\/v2\/posts"}],"about":[{"href":"https:\/\/farmermobil.com\/de\/wp-json\/wp\/v2\/types\/post"}],"author":[{"embeddable":true,"href":"https:\/\/farmermobil.com\/de\/wp-json\/wp\/v2\/users\/3"}],"replies":[{"embeddable":true,"href":"https:\/\/farmermobil.com\/de\/wp-json\/wp\/v2\/comments?post=12091"}],"version-history":[{"count":8,"href":"https:\/\/farmermobil.com\/de\/wp-json\/wp\/v2\/posts\/12091\/revisions"}],"predecessor-version":[{"id":12111,"href":"https:\/\/farmermobil.com\/de\/wp-json\/wp\/v2\/posts\/12091\/revisions\/12111"}],"wp:featuredmedia":[{"embeddable":true,"href":"https:\/\/farmermobil.com\/de\/wp-json\/wp\/v2\/media\/12096"}],"wp:attachment":[{"href":"https:\/\/farmermobil.com\/de\/wp-json\/wp\/v2\/media?parent=12091"}],"wp:term":[{"taxonomy":"category","embeddable":true,"href":"https:\/\/farmermobil.com\/de\/wp-json\/wp\/v2\/categories?post=12091"},{"taxonomy":"post_tag","embeddable":true,"href":"https:\/\/farmermobil.com\/de\/wp-json\/wp\/v2\/tags?post=12091"}],"curies":[{"name":"wp","href":"https:\/\/api.w.org\/{rel}","templated":true}]}}